{"id":96692,"date":"2025-01-02T16:49:28","date_gmt":"2025-01-02T19:49:28","guid":{"rendered":"https:\/\/tvc16.com\/portal\/?p=96692"},"modified":"2025-01-02T16:49:31","modified_gmt":"2025-01-02T19:49:31","slug":"pagamento-do-bolsa-familia-comeca-no-proximo-dia-20","status":"publish","type":"post","link":"https:\/\/tvc16.com\/portal\/2025\/01\/02\/pagamento-do-bolsa-familia-comeca-no-proximo-dia-20\/","title":{"rendered":"Pagamento do Bolsa Fam\u00edlia come\u00e7a no pr\u00f3ximo dia 20"},"content":{"rendered":"\n<p>Come\u00e7a no pr\u00f3ximo dia 20 o pagamento do Bolsa Fam\u00edlia aos cerca de 21 milh\u00f5es de benefici\u00e1rios do programa em todo o pa\u00eds.<img decoding=\"async\" src=\"https:\/\/agenciabrasil.ebc.com.br\/ebc.png?id=1625682&amp;o=node\"><img decoding=\"async\" src=\"https:\/\/agenciabrasil.ebc.com.br\/ebc.gif?id=1625682&amp;o=node\"><\/p>\n\n\n\n<p>Os dep\u00f3sitos ocorrerem sempre nos \u00faltimos dez dias \u00fateis de cada m\u00eas, de forma escalonada conforme o d\u00edgito final do N\u00famero de Inscri\u00e7\u00e3o Social (NIS), exceto em dezembro, quando o cronograma \u00e9 antecipado em cerca de uma semana para n\u00e3o coincidir com o feriado do Natal.<\/p>\n\n\n\n<p>Confira o calend\u00e1rio divulgado pelo Minist\u00e9rio do Desenvolvimento Social e Combate \u00e0 Fome (MDS):<\/p>\n\n\n\n<figure class=\"wp-block-image\"><img loading=\"lazy\" decoding=\"async\" width=\"754\" height=\"327\" src=\"https:\/\/tvc16.com\/portal\/wp-content\/uploads\/2025\/01\/calendario_bolsa_familia_2025.webp\" alt=\"Calend\u00e1rio Bolsa Fam\u00edlia 2025\" class=\"wp-image-96694\" title=\"Divulga\u00e7\u00e3o\/Minist\u00e9rio do Desenvolvimento e Assist\u00eancia Social\" srcset=\"https:\/\/tvc16.com\/portal\/wp-content\/uploads\/2025\/01\/calendario_bolsa_familia_2025.webp 754w, https:\/\/tvc16.com\/portal\/wp-content\/uploads\/2025\/01\/calendario_bolsa_familia_2025-300x130.webp 300w\" sizes=\"auto, (max-width: 754px) 100vw, 754px\" \/><\/figure>\n\n\n\n<p>Para evitar a perda do benef\u00edcio, o MDS recomenda que cada benefici\u00e1rio atualize os dados no Cadastro \u00danico para Programas Sociais do Governo Federal (Cad\u00danico) a cada 24 meses. Ap\u00f3s a aprova\u00e7\u00e3o do pacote de corte de gastos, o processo exigir\u00e1 biometria.<\/p>\n\n\n\n<p>A atualiza\u00e7\u00e3o dos dados exige que a pessoa respons\u00e1vel pela fam\u00edlia v\u00e1 a um posto de atendimento socioassistencial, como o Centro de Refer\u00eancia de Assist\u00eancia Social (Cras), ou a um posto de atendimento do Cadastro \u00danico. Al\u00e9m de apresentar os documentos de cada membro da fam\u00edlia, o benefici\u00e1rio dever\u00e1 comprovar a renda domiciliar.<\/p>\n\n\n\n<h2 class=\"wp-block-heading\">Regra<\/h2>\n\n\n\n<p>O Bolsa Fam\u00edlia \u00e9 pago a quem tem renda de, no m\u00e1ximo, R$ 218 mensais para cada integrante da fam\u00edlia que vive na mesma casa, al\u00e9m de estar inscrito no Cad\u00danico. O cadastramento \u00e9 feito em postos de atendimento da assist\u00eancia social dos munic\u00edpios.<\/p>\n\n\n\n<p>Ao recriar o Bolsa Fam\u00edlia, em mar\u00e7o de 2023, o Governo Federal passou a garantir o repasse m\u00ednimo de R$ 600 por fam\u00edlia inscrita, com adicionais conforme a composi\u00e7\u00e3o da fam\u00edlia. Os pagamentos s\u00e3o feitos pelo aplicativo Caixa Tem ou podem ser sacados em caixas eletr\u00f4nicos por quem tem o cart\u00e3o do programa social.<\/p>\n\n\n\n<p>O Benef\u00edcio Vari\u00e1vel Familiar Nutriz paga seis parcelas de R$ 50 a m\u00e3es de beb\u00eas de at\u00e9 seis meses de idade, para garantir a alimenta\u00e7\u00e3o da crian\u00e7a.<\/p>\n\n\n\n<p>O Bolsa Fam\u00edlia tamb\u00e9m paga um acr\u00e9scimo de R$ 50 a fam\u00edlias com gestantes e filhos de 7 a 18 anos e outro, de R$ 150, a fam\u00edlias com crian\u00e7as de at\u00e9 6 anos.<\/p>\n\n\n\n<h2 class=\"wp-block-heading\">Informa\u00e7\u00f5es<\/h2>\n\n\n\n<p>Quem tiver d\u00favidas sobre o Bolsa Fam\u00edlia deve ligar no Disque Social, no n\u00famero 121. Tamb\u00e9m \u00e9 poss\u00edvel acionar o canal de atendimento da Caixa Econ\u00f4mica Federal, por meio do n\u00famero 111. O benefici\u00e1rio pode ainda consultar os aplicativos do Bolsa Fam\u00edlia e da Caixa, dispon\u00edveis para download gratuito nas lojas virtuais.<\/p>\n\n\n\n<p>Ag\u00eancia Brasil<br>Foto: \u00a9 Lyon Santos\/ MDS<br><\/p>\n","protected":false},"excerpt":{"rendered":"<p>Come\u00e7a no pr\u00f3ximo dia 20 o pagamento do Bolsa Fam\u00edlia aos cerca de 21 milh\u00f5es<\/p>\n","protected":false},"author":2,"featured_media":96693,"comment_status":"open","ping_status":"open","sticky":false,"template":"","format":"standard","meta":{"footnotes":""},"categories":[17],"tags":[],"class_list":["post-96692","post","type-post","status-publish","format-standard","has-post-thumbnail","hentry","category-outras-noticias"],"_links":{"self":[{"href":"https:\/\/tvc16.com\/portal\/wp-json\/wp\/v2\/posts\/96692","targetHints":{"allow":["GET"]}}],"collection":[{"href":"https:\/\/tvc16.com\/portal\/wp-json\/wp\/v2\/posts"}],"about":[{"href":"https:\/\/tvc16.com\/portal\/wp-json\/wp\/v2\/types\/post"}],"author":[{"embeddable":true,"href":"https:\/\/tvc16.com\/portal\/wp-json\/wp\/v2\/users\/2"}],"replies":[{"embeddable":true,"href":"https:\/\/tvc16.com\/portal\/wp-json\/wp\/v2\/comments?post=96692"}],"version-history":[{"count":1,"href":"https:\/\/tvc16.com\/portal\/wp-json\/wp\/v2\/posts\/96692\/revisions"}],"predecessor-version":[{"id":96695,"href":"https:\/\/tvc16.com\/portal\/wp-json\/wp\/v2\/posts\/96692\/revisions\/96695"}],"wp:featuredmedia":[{"embeddable":true,"href":"https:\/\/tvc16.com\/portal\/wp-json\/wp\/v2\/media\/96693"}],"wp:attachment":[{"href":"https:\/\/tvc16.com\/portal\/wp-json\/wp\/v2\/media?parent=96692"}],"wp:term":[{"taxonomy":"category","embeddable":true,"href":"https:\/\/tvc16.com\/portal\/wp-json\/wp\/v2\/categories?post=96692"},{"taxonomy":"post_tag","embeddable":true,"href":"https:\/\/tvc16.com\/portal\/wp-json\/wp\/v2\/tags?post=96692"}],"curies":[{"name":"wp","href":"https:\/\/api.w.org\/{rel}","templated":true}]}}