{"id":96696,"date":"2025-01-02T16:52:38","date_gmt":"2025-01-02T19:52:38","guid":{"rendered":"https:\/\/tvc16.com\/portal\/?p=96696"},"modified":"2025-01-02T16:52:40","modified_gmt":"2025-01-02T19:52:40","slug":"antonio-jose-campos-moreira-e-nomeado-procurador-geral-de-justica","status":"publish","type":"post","link":"https:\/\/tvc16.com\/portal\/2025\/01\/02\/antonio-jose-campos-moreira-e-nomeado-procurador-geral-de-justica\/","title":{"rendered":"Antonio Jos\u00e9 Campos Moreira \u00e9 nomeado procurador-geral de Justi\u00e7a"},"content":{"rendered":"\n<p>O procurador de Justi\u00e7a Antonio Jos\u00e9 Campos Moreira ser\u00e1 o novo procurador-geral de Justi\u00e7a do Rio de Janeiro em mandato a ser exercido no bi\u00eanio 2025\/2026. O an\u00fancio foi feito pelo governador Cl\u00e1udio Castro na tarde desta quinta-feira (02\/01) logo ap\u00f3s receber a lista tr\u00edplice, entregue pelo atual procurador-geral de Justi\u00e7a, Luciano Mattos. Com 583 votos (62,75%), o procurador foi o candidato mais votado na elei\u00e7\u00e3o realizada em 02\/12. O ato de nomea\u00e7\u00e3o ser\u00e1 publicado em edi\u00e7\u00e3o extra do Di\u00e1rio Oficial. Antonio Jos\u00e9 tomar\u00e1 posse em 17 de janeiro, data em que ter\u00e1 in\u00edcio seu mandato, at\u00e9 16 de janeiro de 2027. A sess\u00e3o solene ser\u00e1 realizada no \u00d3rg\u00e3o Especial do Col\u00e9gio de Procuradores de Justi\u00e7a, na sede do Minist\u00e9rio P\u00fablico do Estado do Rio de Janeiro (MPRJ).<\/p>\n\n\n\n<figure class=\"wp-block-image size-large\"><img loading=\"lazy\" decoding=\"async\" width=\"1024\" height=\"682\" src=\"https:\/\/tvc16.com\/portal\/wp-content\/uploads\/2025\/01\/WhatsApp-Image-2025-01-02-at-16.50.03-1024x682.jpeg\" alt=\"\" class=\"wp-image-96698\" srcset=\"https:\/\/tvc16.com\/portal\/wp-content\/uploads\/2025\/01\/WhatsApp-Image-2025-01-02-at-16.50.03-1024x682.jpeg 1024w, https:\/\/tvc16.com\/portal\/wp-content\/uploads\/2025\/01\/WhatsApp-Image-2025-01-02-at-16.50.03-300x200.jpeg 300w, https:\/\/tvc16.com\/portal\/wp-content\/uploads\/2025\/01\/WhatsApp-Image-2025-01-02-at-16.50.03-768x512.jpeg 768w, https:\/\/tvc16.com\/portal\/wp-content\/uploads\/2025\/01\/WhatsApp-Image-2025-01-02-at-16.50.03-900x600.jpeg 900w, https:\/\/tvc16.com\/portal\/wp-content\/uploads\/2025\/01\/WhatsApp-Image-2025-01-02-at-16.50.03.jpeg 1367w\" sizes=\"auto, (max-width: 1024px) 100vw, 1024px\" \/><\/figure>\n\n\n\n<p>\u201cO Minist\u00e9rio P\u00fablico \u00e9 fundamental para o Estado, atuando&nbsp;na defesa do regime jur\u00eddico e preservando a Constitui\u00e7\u00e3o Federal e os interesses da sociedade. Nomear o procurador&nbsp;Antonio Jos\u00e9 Campos Moreira, que&nbsp;tem muita credibilidade e quase 40 anos de experi\u00eancia no MP,&nbsp;garante a continuidade do regime democr\u00e1tico de direito\u201d destacou o governador Cl\u00e1udio Castro.<\/p>\n\n\n\n<p>Antonio Jos\u00e9 Campos Moreira ingressou no MPRJ em 1987 e, atualmente, \u00e9 titular da 1\u00aa Procuradoria de Justi\u00e7a junto \u00e0 2\u00aa C\u00e2mara Criminal do TJRJ. Tamb\u00e9m est\u00e1 vinculado ao 1\u00ba Grupo de C\u00e2maras Criminais. Ocupou os cargos de procurador-geral de Justi\u00e7a em exerc\u00edcio, subprocurador-geral de Justi\u00e7a, assessor-chefe da Assessoria de Assuntos Institucionais, assessor-chefe da Assessoria de Atribui\u00e7\u00e3o Origin\u00e1ria Criminal, e coordenador da primeira forma\u00e7\u00e3o do grupo das Centrais de Inqu\u00e9rito (1995\/1996), al\u00e9m de chefe de Gabinete da Procuradoria-Geral de Justi\u00e7a. \u00c9 professor em\u00e9rito da Funda\u00e7\u00e3o Escola Superior do Minist\u00e9rio P\u00fablico e professor conferencista da Escola de Magistratura do Rio de Janeiro.<\/p>\n\n\n\n<p>Em sua trajet\u00f3ria, Antonio Jos\u00e9 atuou nos processos que resultaram na condena\u00e7\u00e3o da c\u00fapula do jogo do bicho; com estouro da fortaleza de Castor de Andrade e apreens\u00e3o de livros de registros de pagamento de propina a pol\u00edticos, policiais, ju\u00edzes e promotor; das chacinas da Candel\u00e1ria e de Vig\u00e1rio Geral; al\u00e9m do caso Daniela Perez, todos nos anos 1990. E tamb\u00e9m na condu\u00e7\u00e3o da investiga\u00e7\u00e3o e processo que resultaram na primeira condena\u00e7\u00e3o por forma\u00e7\u00e3o de mil\u00edcia dos irm\u00e3os Natalino Guimar\u00e3es e Jerominho, deputado e vereador, chefes da mil\u00edcia \u201cLiga da Justi\u00e7a\u201c, no in\u00edcio dos anos 2000, entre outros processos relevantes.<\/p>\n\n\n\n<p>Por MPRJ<\/p>\n","protected":false},"excerpt":{"rendered":"<p>O procurador de Justi\u00e7a Antonio Jos\u00e9 Campos Moreira ser\u00e1 o novo procurador-geral de Justi\u00e7a do<\/p>\n","protected":false},"author":2,"featured_media":96697,"comment_status":"open","ping_status":"open","sticky":false,"template":"","format":"standard","meta":{"footnotes":""},"categories":[17],"tags":[],"class_list":["post-96696","post","type-post","status-publish","format-standard","has-post-thumbnail","hentry","category-outras-noticias"],"_links":{"self":[{"href":"https:\/\/tvc16.com\/portal\/wp-json\/wp\/v2\/posts\/96696","targetHints":{"allow":["GET"]}}],"collection":[{"href":"https:\/\/tvc16.com\/portal\/wp-json\/wp\/v2\/posts"}],"about":[{"href":"https:\/\/tvc16.com\/portal\/wp-json\/wp\/v2\/types\/post"}],"author":[{"embeddable":true,"href":"https:\/\/tvc16.com\/portal\/wp-json\/wp\/v2\/users\/2"}],"replies":[{"embeddable":true,"href":"https:\/\/tvc16.com\/portal\/wp-json\/wp\/v2\/comments?post=96696"}],"version-history":[{"count":1,"href":"https:\/\/tvc16.com\/portal\/wp-json\/wp\/v2\/posts\/96696\/revisions"}],"predecessor-version":[{"id":96699,"href":"https:\/\/tvc16.com\/portal\/wp-json\/wp\/v2\/posts\/96696\/revisions\/96699"}],"wp:featuredmedia":[{"embeddable":true,"href":"https:\/\/tvc16.com\/portal\/wp-json\/wp\/v2\/media\/96697"}],"wp:attachment":[{"href":"https:\/\/tvc16.com\/portal\/wp-json\/wp\/v2\/media?parent=96696"}],"wp:term":[{"taxonomy":"category","embeddable":true,"href":"https:\/\/tvc16.com\/portal\/wp-json\/wp\/v2\/categories?post=96696"},{"taxonomy":"post_tag","embeddable":true,"href":"https:\/\/tvc16.com\/portal\/wp-json\/wp\/v2\/tags?post=96696"}],"curies":[{"name":"wp","href":"https:\/\/api.w.org\/{rel}","templated":true}]}}