{"id":96706,"date":"2025-01-03T08:12:25","date_gmt":"2025-01-03T11:12:25","guid":{"rendered":"https:\/\/tvc16.com\/portal\/?p=96706"},"modified":"2025-01-03T08:12:27","modified_gmt":"2025-01-03T11:12:27","slug":"boletim-de-ocorrencias-defesa-civil-de-petropolis-vistoria-imoveis-no-distrito-da-posse-devido-a-chuva-desta-quinta-feira","status":"publish","type":"post","link":"https:\/\/tvc16.com\/portal\/2025\/01\/03\/boletim-de-ocorrencias-defesa-civil-de-petropolis-vistoria-imoveis-no-distrito-da-posse-devido-a-chuva-desta-quinta-feira\/","title":{"rendered":"Boletim de ocorr\u00eancias: Defesa Civil de Petr\u00f3polis vistoria im\u00f3veis no distrito da Posse devido \u00e0 chuva desta quinta-feira"},"content":{"rendered":"\n<p><em>Confira o boletim atualizado \u00e0s 23:30<\/em><\/p>\n\n\n\n<p>A Defesa Civil de Petr\u00f3polis est\u00e1 em vistoria no distrito da Posse, em atendimento a ocorr\u00eancias relacionadas \u00e0 chuva que atingiu o munic\u00edpio na noite desta quinta-feira (02\/01).<\/p>\n\n\n\n<p>N\u00e3o foram registrados v\u00edtimas, desalojados ou desabrigados.<\/p>\n\n\n\n<p><strong>Ocorr\u00eancias:<\/strong><\/p>\n\n\n\n<ul class=\"wp-block-list\">\n<li>Alagamento atingindo im\u00f3veis no distrito da Posse (Estrada Uni\u00e3o e Ind\u00fastria e Estrada do Juru\u00e1).<\/li>\n<\/ul>\n\n\n\n<p>Equipes da Defesa Civil seguem atuando com rondas preventivas nas \u00e1reas com os maiores \u00edndices pluviom\u00e9tricos, com agentes em campo e t\u00e9cnicos atendendo \u00e0s demandas.<\/p>\n\n\n\n<p><strong>Est\u00e1gio Operacional:<\/strong><\/p>\n\n\n\n<ul class=\"wp-block-list\">\n<li>Observa\u00e7\u00e3o<\/li>\n<\/ul>\n\n\n\n<p><strong>Situa\u00e7\u00e3o Atual:<\/strong><\/p>\n\n\n\n<ul class=\"wp-block-list\">\n<li>N\u00facleos isolados de chuva fraca a moderada atuam no munic\u00edpio de Petr\u00f3polis<\/li>\n<\/ul>\n\n\n\n<p><strong>Previs\u00e3o para as Pr\u00f3ximas Horas:<\/strong><\/p>\n\n\n\n<ul class=\"wp-block-list\">\n<li>Chuva fraca a moderada<\/li>\n<\/ul>\n\n\n\n<p><strong>Maiores acumulados da \u00faltima hora:<\/strong><\/p>\n\n\n\n<ul class=\"wp-block-list\">\n<li>Itaipava2: 16,01mm (CEMADEN BR)<\/li>\n\n\n\n<li>Itaipava: 4,91mm (CEMADEN BR)<\/li>\n\n\n\n<li>CIEP Brizol\u00e3o137: 3,15mm (CEMADEN BR)<\/li>\n<\/ul>\n\n\n\n<p><strong>Maiores acumulados em 24h:<\/strong><\/p>\n\n\n\n<ul class=\"wp-block-list\">\n<li>Independ\u00eancia2: 37,9mm (CEMADEN BR)<\/li>\n\n\n\n<li>S\u00e3o Sebasti\u00e3o &#8211; Geo: 29mm (CEMADEN BR)<\/li>\n\n\n\n<li>Vila Felipe1 &#8211; Campinho: 33,2mm (CEMADEN RJ)<\/li>\n<\/ul>\n\n\n\n<p><strong>Maiores acumulados em 72h:<\/strong><\/p>\n\n\n\n<ul class=\"wp-block-list\">\n<li>Independ\u00eancia2: 67,29mm (CEMADEN BR)<\/li>\n\n\n\n<li>S\u00e3o Sebasti\u00e3o &#8211; Geo: 53,4mm (CEMADEN BR)<\/li>\n\n\n\n<li>Vila Felipe1 &#8211; Campinho: 47,4mm (CEMADEN RJ)<\/li>\n<\/ul>\n\n\n\n<p><strong>Maiores acumulados em 96h:<\/strong><\/p>\n\n\n\n<ul class=\"wp-block-list\">\n<li>LNCC: 107mm (INEA)<\/li>\n\n\n\n<li>Independ\u00eancia: 91,6mm (INEA)<\/li>\n\n\n\n<li>Independ\u00eancia2: 86,95mm (CEMADEN BR)<\/li>\n<\/ul>\n\n\n\n<p><strong>Recomenda\u00e7\u00f5es da Defesa Civil:<br><\/strong><br>A Defesa Civil refor\u00e7a a import\u00e2ncia de que moradores em \u00e1reas de risco mantenham aten\u00e7\u00e3o redobrada:<\/p>\n\n\n\n<ul class=\"wp-block-list\">\n<li>N\u00e3o permane\u00e7a em locais interditados.<\/li>\n\n\n\n<li>N\u00e3o transite por \u00e1reas alagadas.<\/li>\n\n\n\n<li>Esteja atento a sinais de deslizamentos.<\/li>\n<\/ul>\n\n\n\n<p>Em caso de emerg\u00eancia, ligue para o n\u00famero 199.<\/p>\n","protected":false},"excerpt":{"rendered":"<p>Confira o boletim atualizado \u00e0s 23:30 A Defesa Civil de Petr\u00f3polis est\u00e1 em vistoria no<\/p>\n","protected":false},"author":2,"featured_media":96707,"comment_status":"open","ping_status":"open","sticky":false,"template":"","format":"standard","meta":{"footnotes":""},"categories":[12],"tags":[],"class_list":["post-96706","post","type-post","status-publish","format-standard","has-post-thumbnail","hentry","category-cidade"],"_links":{"self":[{"href":"https:\/\/tvc16.com\/portal\/wp-json\/wp\/v2\/posts\/96706","targetHints":{"allow":["GET"]}}],"collection":[{"href":"https:\/\/tvc16.com\/portal\/wp-json\/wp\/v2\/posts"}],"about":[{"href":"https:\/\/tvc16.com\/portal\/wp-json\/wp\/v2\/types\/post"}],"author":[{"embeddable":true,"href":"https:\/\/tvc16.com\/portal\/wp-json\/wp\/v2\/users\/2"}],"replies":[{"embeddable":true,"href":"https:\/\/tvc16.com\/portal\/wp-json\/wp\/v2\/comments?post=96706"}],"version-history":[{"count":1,"href":"https:\/\/tvc16.com\/portal\/wp-json\/wp\/v2\/posts\/96706\/revisions"}],"predecessor-version":[{"id":96708,"href":"https:\/\/tvc16.com\/portal\/wp-json\/wp\/v2\/posts\/96706\/revisions\/96708"}],"wp:featuredmedia":[{"embeddable":true,"href":"https:\/\/tvc16.com\/portal\/wp-json\/wp\/v2\/media\/96707"}],"wp:attachment":[{"href":"https:\/\/tvc16.com\/portal\/wp-json\/wp\/v2\/media?parent=96706"}],"wp:term":[{"taxonomy":"category","embeddable":true,"href":"https:\/\/tvc16.com\/portal\/wp-json\/wp\/v2\/categories?post=96706"},{"taxonomy":"post_tag","embeddable":true,"href":"https:\/\/tvc16.com\/portal\/wp-json\/wp\/v2\/tags?post=96706"}],"curies":[{"name":"wp","href":"https:\/\/api.w.org\/{rel}","templated":true}]}}