{"id":96709,"date":"2025-01-03T08:20:54","date_gmt":"2025-01-03T11:20:54","guid":{"rendered":"https:\/\/tvc16.com\/portal\/?p=96709"},"modified":"2025-01-03T08:20:56","modified_gmt":"2025-01-03T11:20:56","slug":"hospital-alcides-carneiro-registra-primeiro-parto-de-2025-com-sucesso","status":"publish","type":"post","link":"https:\/\/tvc16.com\/portal\/2025\/01\/03\/hospital-alcides-carneiro-registra-primeiro-parto-de-2025-com-sucesso\/","title":{"rendered":"Hospital Alcides Carneiro registra primeiro parto de 2025 com sucesso"},"content":{"rendered":"\n<p>O ano de 2025 come\u00e7ou com uma nova vida no Hospital Alcides Carneiro (HAC), a \u00fanica maternidade p\u00fablica de Petr\u00f3polis. \u00c0s 11h22 do dia 1\u00ba de janeiro, nasceu Samuel Galdino de Fran\u00e7a, um menino com 3,690 kg e 47,5 cm. O parto foi realizado com sucesso, e m\u00e3e e beb\u00ea est\u00e3o bem, acomodados no leito da maternidade.<\/p>\n\n\n\n<p>Thainara Galdino Gomes da Silva, m\u00e3e do pequeno Samuel, emocionada, agradeceu \u00e0 equipe do HAC pelo atendimento. O pai, Samuel de Fran\u00e7a Souza, compartilhou o orgulho em ser parte deste momento especial.<\/p>\n\n\n\n<p>O prefeito Hingo Hammes celebrou o nascimento como um s\u00edmbolo de esperan\u00e7a e renova\u00e7\u00e3o para a cidade. \u201cCome\u00e7ar o ano com a chegada de uma nova vida no Hospital Alcides Carneiro refor\u00e7a a import\u00e2ncia de investirmos na sa\u00fade p\u00fablica. Parab\u00e9ns \u00e0 fam\u00edlia e a toda equipe do HAC pelo acolhimento e dedica\u00e7\u00e3o,\u201d destacou.<\/p>\n\n\n\n<p>O secret\u00e1rio de Sa\u00fade, Luis Cruzick, tamb\u00e9m ressaltou o marco. \u201cO Hospital Alcides Carneiro \u00e9 refer\u00eancia em partos humanizados na regi\u00e3o. Este primeiro nascimento de 2025 nos motiva a continuar trabalhando para garantir um atendimento de qualidade para as m\u00e3es e beb\u00eas da nossa cidade\u201d, disse.<\/p>\n","protected":false},"excerpt":{"rendered":"<p>O ano de 2025 come\u00e7ou com uma nova vida no Hospital Alcides Carneiro (HAC), a<\/p>\n","protected":false},"author":2,"featured_media":96710,"comment_status":"open","ping_status":"open","sticky":false,"template":"","format":"standard","meta":{"footnotes":""},"categories":[12],"tags":[],"class_list":["post-96709","post","type-post","status-publish","format-standard","has-post-thumbnail","hentry","category-cidade"],"_links":{"self":[{"href":"https:\/\/tvc16.com\/portal\/wp-json\/wp\/v2\/posts\/96709","targetHints":{"allow":["GET"]}}],"collection":[{"href":"https:\/\/tvc16.com\/portal\/wp-json\/wp\/v2\/posts"}],"about":[{"href":"https:\/\/tvc16.com\/portal\/wp-json\/wp\/v2\/types\/post"}],"author":[{"embeddable":true,"href":"https:\/\/tvc16.com\/portal\/wp-json\/wp\/v2\/users\/2"}],"replies":[{"embeddable":true,"href":"https:\/\/tvc16.com\/portal\/wp-json\/wp\/v2\/comments?post=96709"}],"version-history":[{"count":1,"href":"https:\/\/tvc16.com\/portal\/wp-json\/wp\/v2\/posts\/96709\/revisions"}],"predecessor-version":[{"id":96711,"href":"https:\/\/tvc16.com\/portal\/wp-json\/wp\/v2\/posts\/96709\/revisions\/96711"}],"wp:featuredmedia":[{"embeddable":true,"href":"https:\/\/tvc16.com\/portal\/wp-json\/wp\/v2\/media\/96710"}],"wp:attachment":[{"href":"https:\/\/tvc16.com\/portal\/wp-json\/wp\/v2\/media?parent=96709"}],"wp:term":[{"taxonomy":"category","embeddable":true,"href":"https:\/\/tvc16.com\/portal\/wp-json\/wp\/v2\/categories?post=96709"},{"taxonomy":"post_tag","embeddable":true,"href":"https:\/\/tvc16.com\/portal\/wp-json\/wp\/v2\/tags?post=96709"}],"curies":[{"name":"wp","href":"https:\/\/api.w.org\/{rel}","templated":true}]}}