{"id":96715,"date":"2025-01-03T11:14:10","date_gmt":"2025-01-03T14:14:10","guid":{"rendered":"https:\/\/tvc16.com\/portal\/?p=96715"},"modified":"2025-01-03T11:14:14","modified_gmt":"2025-01-03T14:14:14","slug":"governador-claudio-castro-determina-atencao-especial-a-regiao-serrana-apos-fortes-chuvas-que-atingiram-as-cidades-de-petropolis-teresopolis-e-nova-friburgo","status":"publish","type":"post","link":"https:\/\/tvc16.com\/portal\/2025\/01\/03\/governador-claudio-castro-determina-atencao-especial-a-regiao-serrana-apos-fortes-chuvas-que-atingiram-as-cidades-de-petropolis-teresopolis-e-nova-friburgo\/","title":{"rendered":"Governador Cl\u00e1udio Castro determina aten\u00e7\u00e3o especial \u00e0 Regi\u00e3o Serrana ap\u00f3s fortes chuvas que atingiram as cidades de Petr\u00f3polis, Teres\u00f3polis e Nova Friburgo"},"content":{"rendered":"\n<p><em>Corpo de Bombeiros RJ sobrevoa \u00e1reas mais sens\u00edveis e mobiliza recursos para minimizar danos<\/em><\/p>\n\n\n\n<p>Ap\u00f3s as fortes chuvas que atingiram as cidades de Petr\u00f3polis, Teres\u00f3polis e Nova Friburgo, o governador Cl\u00e1udio Castro determinou apoio especial \u00e0 Regi\u00e3o Serrana. Para acompanhar o trabalho das equipes, nesta quinta-feira (02\/01), o secret\u00e1rio de Defesa Civil e comandante-geral do Corpo de Bombeiros Militar do Estado do Rio de Janeiro (CBMERJ), coronel Tarciso Salles, esteve nos principais quart\u00e9is da regi\u00e3o &#8211; Petr\u00f3polis, Teres\u00f3polis e Nova Friburgo.<\/p>\n\n\n\n<p>&#8220;Estamos trabalhando 24 horas por dia, monitorando todas as \u00e1reas afetadas pelas chuvas. Al\u00e9m disso, ao longo do ano, viemos realizando um grande trabalho de preven\u00e7\u00e3o, investindo em obras, aumentando a capacita\u00e7\u00e3o das nossas equipes e os recursos tecnol\u00f3gicos, para atuarmos de forma mais \u00e1gil e eficiente nos pontos considerados mais sens\u00edveis a tempestades. Nossas equipes e maquin\u00e1rios est\u00e3o de prontid\u00e3o para ajudar todos os munic\u00edpios que precisarem de ajuda. O bem-estar da popula\u00e7\u00e3o \u00e9 prioridade&#8221;, destacou o governador Cl\u00e1udio Castro.<\/p>\n\n\n\n<p>Para fazer a avalia\u00e7\u00e3o dos danos, mapear \u00e1reas afetadas e realizar o alinhamento estrat\u00e9gico das a\u00e7\u00f5es de preven\u00e7\u00e3o e resposta junto \u00e0 tropa, Tarciso sobrevoou alguns pontos da regi\u00e3o, considerados sens\u00edveis, e destacou a import\u00e2ncia das a\u00e7\u00f5es de preven\u00e7\u00e3o e os investimentos feitos pelo Governo do Estado para amenizar os danos causados pelas chuvas nesta \u00e9poca do ano.<\/p>\n\n\n\n<p>&#8220;A Defesa Civil monitora, ininterruptamente, as precipita\u00e7\u00f5es em todo o estado e envia alertas para os munic\u00edpios, por meio do Cemaden-RJ, quando necess\u00e1rio. Trabalhamos o ano todo com investimentos robustos em tecnologia e capacita\u00e7\u00e3o, em recursos materiais e humanos. Antecipamos os cen\u00e1rios de crise, fizemos exerc\u00edcios simulados para alinhamento de for\u00e7as, al\u00e9m de apoiarmos e instru\u00edmos as prefeituras. Estamos presentes e mobilizados&#8221;, refor\u00e7ou o coronel Tarciso Salles.<\/p>\n\n\n\n<p><strong>Monitoramento, Alerta e Alarme<\/strong><\/p>\n\n\n\n<p>A Defesa Civil Estadual recebeu investimentos de cerca de R$ 1 bilh\u00e3o em tecnologia e conta com diversas ferramentas para a gest\u00e3o de riscos e respostas a desastres, como o Sistema de Monitoramento, Alerta e Alarme, com 202 sirenes e 70 pluvi\u00f4metros mantidos pelo Governo do Estado.<\/p>\n\n\n\n<p>O CBMERJ est\u00e1 a postos para atender quaisquer emerg\u00eancias, nos 92 munic\u00edpios, com apoio de modernas viaturas de salvamento e resgate, ambul\u00e2ncias, embarca\u00e7\u00f5es, drones e aeronaves, al\u00e9m de equipes de especialistas em desastres.<\/p>\n\n\n\n<p><strong>Investimentos em preven\u00e7\u00e3o<\/strong><\/p>\n\n\n\n<p>O Governo do Rio investe, desde 2021, R$ 4,3 bilh\u00f5es em obras de infraestrutura em todo o estado. S\u00e3o investimentos em equipamentos de \u00faltima gera\u00e7\u00e3o, que aumentam a rapidez no tempo de resposta, e d\u00e3o mais suporte \u00e0s a\u00e7\u00f5es e contribuem para salvar vidas. A Defesa Civil, que recebeu investimentos de cerca de R$ 1 bilh\u00e3o em tecnologia, conta com diversas ferramentas para a preven\u00e7\u00e3o e gest\u00e3o de riscos e respostas a desastres, como o Sistema de Monitoramento, Alerta e Alarme, com 202 sirenes e 70 pluvi\u00f4metros mantidos pelo Governo do Estado.<\/p>\n\n\n\n<p>O Instituto Estadual do Ambiente (INEA) investe mais de R$ 2 milh\u00f5es em obras de recupera\u00e7\u00e3o ambiental, como o Programa Limpa Rio que j\u00e1 realizou a limpeza de mais de 800 rios, beneficiando 88 munic\u00edpios. Al\u00e9m dos monitoramentos de alerta de cheias e hidrometeorol\u00f3gico e o sistema de detec\u00e7\u00e3o de raios e tempestades.<\/p>\n","protected":false},"excerpt":{"rendered":"<p>Corpo de Bombeiros RJ sobrevoa \u00e1reas mais sens\u00edveis e mobiliza recursos para minimizar danos Ap\u00f3s<\/p>\n","protected":false},"author":2,"featured_media":96716,"comment_status":"open","ping_status":"open","sticky":false,"template":"","format":"standard","meta":{"footnotes":""},"categories":[12],"tags":[],"class_list":["post-96715","post","type-post","status-publish","format-standard","has-post-thumbnail","hentry","category-cidade"],"_links":{"self":[{"href":"https:\/\/tvc16.com\/portal\/wp-json\/wp\/v2\/posts\/96715","targetHints":{"allow":["GET"]}}],"collection":[{"href":"https:\/\/tvc16.com\/portal\/wp-json\/wp\/v2\/posts"}],"about":[{"href":"https:\/\/tvc16.com\/portal\/wp-json\/wp\/v2\/types\/post"}],"author":[{"embeddable":true,"href":"https:\/\/tvc16.com\/portal\/wp-json\/wp\/v2\/users\/2"}],"replies":[{"embeddable":true,"href":"https:\/\/tvc16.com\/portal\/wp-json\/wp\/v2\/comments?post=96715"}],"version-history":[{"count":1,"href":"https:\/\/tvc16.com\/portal\/wp-json\/wp\/v2\/posts\/96715\/revisions"}],"predecessor-version":[{"id":96717,"href":"https:\/\/tvc16.com\/portal\/wp-json\/wp\/v2\/posts\/96715\/revisions\/96717"}],"wp:featuredmedia":[{"embeddable":true,"href":"https:\/\/tvc16.com\/portal\/wp-json\/wp\/v2\/media\/96716"}],"wp:attachment":[{"href":"https:\/\/tvc16.com\/portal\/wp-json\/wp\/v2\/media?parent=96715"}],"wp:term":[{"taxonomy":"category","embeddable":true,"href":"https:\/\/tvc16.com\/portal\/wp-json\/wp\/v2\/categories?post=96715"},{"taxonomy":"post_tag","embeddable":true,"href":"https:\/\/tvc16.com\/portal\/wp-json\/wp\/v2\/tags?post=96715"}],"curies":[{"name":"wp","href":"https:\/\/api.w.org\/{rel}","templated":true}]}}