{"id":96765,"date":"2025-01-03T22:09:15","date_gmt":"2025-01-04T01:09:15","guid":{"rendered":"https:\/\/tvc16.com\/portal\/?p=96765"},"modified":"2025-01-03T22:09:16","modified_gmt":"2025-01-04T01:09:16","slug":"justica-anula-aumento-salarial-do-prefeito-e-vice-de-tres-rios","status":"publish","type":"post","link":"https:\/\/tvc16.com\/portal\/2025\/01\/03\/justica-anula-aumento-salarial-do-prefeito-e-vice-de-tres-rios\/","title":{"rendered":"Justi\u00e7a anula aumento salarial do prefeito e vice de Tr\u00eas Rios"},"content":{"rendered":"\n<p>O Minist\u00e9rio P\u00fablico do Estado do Rio de Janeiro (MPRJ), por meio da 1\u00aa Promotoria de Justi\u00e7a de Tutela Coletiva de Tr\u00eas Rios, obteve, no plant\u00e3o judici\u00e1rio, decis\u00e3o que suspendeu os efeitos da Lei Municipal n\u00ba 5.240\/2024, que estabelecia reajuste salarial para o prefeito e vice-prefeito, desrespeitando a Lei de Responsabilidade Fiscal vigente, que limita gastos, incluindo a proibi\u00e7\u00e3o de aumento de despesas com pessoal nos 180 dias anteriores ao final do mandato.&nbsp;Com a decis\u00e3o judicial, a lei municipal torna-se nula e a prefeitura ter\u00e1 que se abster de realizar qualquer pagamento com base na referida legisla\u00e7\u00e3o.<\/p>\n\n\n\n<p>A Promotoria j\u00e1 havia expedido Recomenda\u00e7\u00e3o ao munic\u00edpio de Tr\u00eas Rios, e a outros munic\u00edpios tamb\u00e9m, visando acompanhar a transi\u00e7\u00e3o aos governos eleitos para o quadri\u00eanio 2025\/2028, e garantir o cumprimento das regras determinadas na Lei de Responsabilidade Fiscal e nas boas pr\u00e1ticas de transi\u00e7\u00e3o de governos municipais.<\/p>\n\n\n\n<p>Segundo a a\u00e7\u00e3o, o ajuizamento com pedido de tutela de urg\u00eancia antecipada se fez necess\u00e1rio porque o munic\u00edpio de Tr\u00eas Rios n\u00e3o respondeu \u00e0 Recomenda\u00e7\u00e3o e, posteriormente, o prefeito Joa Barbaglio sancionou a Lei Municipal n\u00ba 5.240\/2024, datada de 05 de novembro, que previa aumento salarial para ele e seu vice, professor Jacqueson, pouco mais de 30 dias para o t\u00e9rmino do mandato, configurando clara desobedi\u00eancia \u00e0 lei.<\/p>\n","protected":false},"excerpt":{"rendered":"<p>O Minist\u00e9rio P\u00fablico do Estado do Rio de Janeiro (MPRJ), por meio da 1\u00aa Promotoria<\/p>\n","protected":false},"author":2,"featured_media":96766,"comment_status":"open","ping_status":"open","sticky":false,"template":"","format":"standard","meta":{"footnotes":""},"categories":[17],"tags":[],"class_list":["post-96765","post","type-post","status-publish","format-standard","has-post-thumbnail","hentry","category-outras-noticias"],"_links":{"self":[{"href":"https:\/\/tvc16.com\/portal\/wp-json\/wp\/v2\/posts\/96765","targetHints":{"allow":["GET"]}}],"collection":[{"href":"https:\/\/tvc16.com\/portal\/wp-json\/wp\/v2\/posts"}],"about":[{"href":"https:\/\/tvc16.com\/portal\/wp-json\/wp\/v2\/types\/post"}],"author":[{"embeddable":true,"href":"https:\/\/tvc16.com\/portal\/wp-json\/wp\/v2\/users\/2"}],"replies":[{"embeddable":true,"href":"https:\/\/tvc16.com\/portal\/wp-json\/wp\/v2\/comments?post=96765"}],"version-history":[{"count":1,"href":"https:\/\/tvc16.com\/portal\/wp-json\/wp\/v2\/posts\/96765\/revisions"}],"predecessor-version":[{"id":96767,"href":"https:\/\/tvc16.com\/portal\/wp-json\/wp\/v2\/posts\/96765\/revisions\/96767"}],"wp:featuredmedia":[{"embeddable":true,"href":"https:\/\/tvc16.com\/portal\/wp-json\/wp\/v2\/media\/96766"}],"wp:attachment":[{"href":"https:\/\/tvc16.com\/portal\/wp-json\/wp\/v2\/media?parent=96765"}],"wp:term":[{"taxonomy":"category","embeddable":true,"href":"https:\/\/tvc16.com\/portal\/wp-json\/wp\/v2\/categories?post=96765"},{"taxonomy":"post_tag","embeddable":true,"href":"https:\/\/tvc16.com\/portal\/wp-json\/wp\/v2\/tags?post=96765"}],"curies":[{"name":"wp","href":"https:\/\/api.w.org\/{rel}","templated":true}]}}