{"id":96771,"date":"2025-01-04T11:44:05","date_gmt":"2025-01-04T14:44:05","guid":{"rendered":"https:\/\/tvc16.com\/portal\/?p=96771"},"modified":"2025-01-04T11:44:09","modified_gmt":"2025-01-04T14:44:09","slug":"supremo-tribunal-federal-confirma-retirada-da-viacao-petro-ita-em-petropolis","status":"publish","type":"post","link":"https:\/\/tvc16.com\/portal\/2025\/01\/04\/supremo-tribunal-federal-confirma-retirada-da-viacao-petro-ita-em-petropolis\/","title":{"rendered":"Supremo Tribunal Federal confirma retirada da Via\u00e7\u00e3o Petro Ita em Petr\u00f3polis"},"content":{"rendered":"\n<p>O <strong>Supremo Tribunal Federal (STF)<\/strong> publicou, nesta quinta-feira (02), a decis\u00e3o que confirma a <strong>retirada da empresa Via\u00e7\u00e3o Petro Ita<\/strong> do munic\u00edpio de Petr\u00f3polis. A companhia havia sido notificada com um prazo para recorrer, mas <strong>n\u00e3o enviou nenhum of\u00edcio dentro do prazo estabelecido<\/strong>.<\/p>\n\n\n\n<p>O presidente do STF, <strong>ministro Lu\u00eds Roberto Barroso<\/strong>, tamb\u00e9m confirmou a decis\u00e3o que suspendeu as opera\u00e7\u00f5es da Via\u00e7\u00e3o Petro Ita nas regi\u00f5es do <strong>Alto da Serra, Meio da Serra e Morin<\/strong>. No dia <strong>17 de dezembro de 2024<\/strong>, Barroso informou que a empresa teria um <strong>prazo de 10 dias para apresentar uma defesa<\/strong>, mas n\u00e3o fez nenhum pronunciamento formal.<\/p>\n\n\n\n<p>Agora, o <strong>processo que poderia permitir a volta da Via\u00e7\u00e3o Petro Ita<\/strong> para operar nas linhas de Petr\u00f3polis foi <strong>extinto no STF<\/strong>. Com isso, a <strong>decis\u00e3o final n\u00e3o pode mais ser contestada<\/strong>.<\/p>\n\n\n\n<p>No documento, o ministro Barroso ressaltou que, <strong>com a retirada total da empresa<\/strong>, a <strong>decis\u00e3o do Tribunal de Justi\u00e7a do Rio de Janeiro (TJRJ)<\/strong>, que inicialmente havia permitido a opera\u00e7\u00e3o da Petro Ita nas \u00e1reas mencionadas, j\u00e1 <strong>n\u00e3o tem mais efeito<\/strong>. Al\u00e9m disso, ele observou que a <strong>preocupa\u00e7\u00e3o levantada pela Prefeitura de Petr\u00f3polis sobre a seguran\u00e7a e a qualidade do servi\u00e7o prestado pela empresa<\/strong> foi resolvida.<\/p>\n\n\n\n<p>Por Anna Beatriz Thomaz<\/p>\n","protected":false},"excerpt":{"rendered":"<p>O Supremo Tribunal Federal (STF) publicou, nesta quinta-feira (02), a decis\u00e3o que confirma a retirada<\/p>\n","protected":false},"author":2,"featured_media":86373,"comment_status":"open","ping_status":"open","sticky":false,"template":"","format":"standard","meta":{"footnotes":""},"categories":[12],"tags":[],"class_list":["post-96771","post","type-post","status-publish","format-standard","has-post-thumbnail","hentry","category-cidade"],"_links":{"self":[{"href":"https:\/\/tvc16.com\/portal\/wp-json\/wp\/v2\/posts\/96771","targetHints":{"allow":["GET"]}}],"collection":[{"href":"https:\/\/tvc16.com\/portal\/wp-json\/wp\/v2\/posts"}],"about":[{"href":"https:\/\/tvc16.com\/portal\/wp-json\/wp\/v2\/types\/post"}],"author":[{"embeddable":true,"href":"https:\/\/tvc16.com\/portal\/wp-json\/wp\/v2\/users\/2"}],"replies":[{"embeddable":true,"href":"https:\/\/tvc16.com\/portal\/wp-json\/wp\/v2\/comments?post=96771"}],"version-history":[{"count":1,"href":"https:\/\/tvc16.com\/portal\/wp-json\/wp\/v2\/posts\/96771\/revisions"}],"predecessor-version":[{"id":96772,"href":"https:\/\/tvc16.com\/portal\/wp-json\/wp\/v2\/posts\/96771\/revisions\/96772"}],"wp:featuredmedia":[{"embeddable":true,"href":"https:\/\/tvc16.com\/portal\/wp-json\/wp\/v2\/media\/86373"}],"wp:attachment":[{"href":"https:\/\/tvc16.com\/portal\/wp-json\/wp\/v2\/media?parent=96771"}],"wp:term":[{"taxonomy":"category","embeddable":true,"href":"https:\/\/tvc16.com\/portal\/wp-json\/wp\/v2\/categories?post=96771"},{"taxonomy":"post_tag","embeddable":true,"href":"https:\/\/tvc16.com\/portal\/wp-json\/wp\/v2\/tags?post=96771"}],"curies":[{"name":"wp","href":"https:\/\/api.w.org\/{rel}","templated":true}]}}