{"id":96778,"date":"2025-01-04T12:05:30","date_gmt":"2025-01-04T15:05:30","guid":{"rendered":"https:\/\/tvc16.com\/portal\/?p=96778"},"modified":"2025-01-04T12:05:33","modified_gmt":"2025-01-04T15:05:33","slug":"motociclista-fica-ferido-apos-acidente-com-onibus-no-quitandinha","status":"publish","type":"post","link":"https:\/\/tvc16.com\/portal\/2025\/01\/04\/motociclista-fica-ferido-apos-acidente-com-onibus-no-quitandinha\/","title":{"rendered":"Motociclista fica ferido ap\u00f3s acidente com \u00f4nibus no Quitandinha"},"content":{"rendered":"\n<p>Na manh\u00e3 deste s\u00e1bado (04) um motociclista ficou ferido ap\u00f3s colidir com um \u00f4nibus na Avenida Amaral Peixoto, na altura do n\u00famero 120, na localidade Quitandinha. O Corpo de Bombeiros foi acionado \u00e0s 06h55. O motociclista de 41 anos foi atendido e liberado no local. <\/p>\n","protected":false},"excerpt":{"rendered":"<p>Na manh\u00e3 deste s\u00e1bado (04) um motociclista ficou ferido ap\u00f3s colidir com um \u00f4nibus na<\/p>\n","protected":false},"author":2,"featured_media":96779,"comment_status":"open","ping_status":"open","sticky":false,"template":"","format":"standard","meta":{"footnotes":""},"categories":[12],"tags":[],"class_list":["post-96778","post","type-post","status-publish","format-standard","has-post-thumbnail","hentry","category-cidade"],"_links":{"self":[{"href":"https:\/\/tvc16.com\/portal\/wp-json\/wp\/v2\/posts\/96778","targetHints":{"allow":["GET"]}}],"collection":[{"href":"https:\/\/tvc16.com\/portal\/wp-json\/wp\/v2\/posts"}],"about":[{"href":"https:\/\/tvc16.com\/portal\/wp-json\/wp\/v2\/types\/post"}],"author":[{"embeddable":true,"href":"https:\/\/tvc16.com\/portal\/wp-json\/wp\/v2\/users\/2"}],"replies":[{"embeddable":true,"href":"https:\/\/tvc16.com\/portal\/wp-json\/wp\/v2\/comments?post=96778"}],"version-history":[{"count":1,"href":"https:\/\/tvc16.com\/portal\/wp-json\/wp\/v2\/posts\/96778\/revisions"}],"predecessor-version":[{"id":96780,"href":"https:\/\/tvc16.com\/portal\/wp-json\/wp\/v2\/posts\/96778\/revisions\/96780"}],"wp:featuredmedia":[{"embeddable":true,"href":"https:\/\/tvc16.com\/portal\/wp-json\/wp\/v2\/media\/96779"}],"wp:attachment":[{"href":"https:\/\/tvc16.com\/portal\/wp-json\/wp\/v2\/media?parent=96778"}],"wp:term":[{"taxonomy":"category","embeddable":true,"href":"https:\/\/tvc16.com\/portal\/wp-json\/wp\/v2\/categories?post=96778"},{"taxonomy":"post_tag","embeddable":true,"href":"https:\/\/tvc16.com\/portal\/wp-json\/wp\/v2\/tags?post=96778"}],"curies":[{"name":"wp","href":"https:\/\/api.w.org\/{rel}","templated":true}]}}