{"id":96781,"date":"2025-01-04T12:10:00","date_gmt":"2025-01-04T15:10:00","guid":{"rendered":"https:\/\/tvc16.com\/portal\/?p=96781"},"modified":"2025-01-04T12:10:03","modified_gmt":"2025-01-04T15:10:03","slug":"governo-do-estado-prorroga-o-programa-somando-forcas-para-dezembro-de-2025","status":"publish","type":"post","link":"https:\/\/tvc16.com\/portal\/2025\/01\/04\/governo-do-estado-prorroga-o-programa-somando-forcas-para-dezembro-de-2025\/","title":{"rendered":"Governo do Estado prorroga o Programa Somando For\u00e7as para dezembro de 2025"},"content":{"rendered":"\n<p>O Governo do Estado prorrogou os conv\u00eanios vigentes do Programa Somando For\u00e7as, executados pela Secretaria de Infraestrutura e Obras P\u00fablicas, at\u00e9 dezembro de 2025. S\u00e3o mais de R$ 230 milh\u00f5es investidos na urbaniza\u00e7\u00e3o de bairros, constru\u00e7\u00e3o de est\u00e1dio, quadras poliesportiva, viadutos, centros comunit\u00e1rios e hospitais, reformas em pra\u00e7as p\u00fablicas, rodovi\u00e1rias, esta\u00e7\u00e3o ferrovi\u00e1ria, entre outros. A medida, publicada no Di\u00e1rio Oficial do Estado, no dia 30, garante a continuidade de obras.<\/p>\n\n\n\n<p>Obras como a constru\u00e7\u00e3o do Hospital da Crian\u00e7a de Volta Redonda e a reforma e amplia\u00e7\u00e3o do Hospital Municipal Augustinho Gesuald, no munic\u00edpio de Aperib\u00e9, eram aguardadas h\u00e1 muitos anos pelos moradores. S\u00f3 nesses dois contratos est\u00e3o sendo investidos cerca de R$13,4 milh\u00f5es, que permitir\u00e3o um melhor atendimento \u00e0 popula\u00e7\u00e3o.<\/p>\n\n\n\n<p>Em Lajes do Muria\u00e9, o Estado investiu mais de R$ 2,4 milh\u00f5es na constru\u00e7\u00e3o e reforma de espa\u00e7os e lazer, playground e quadras poliesportiva para crian\u00e7as, nos bairros: Morro do Cruzeiro, Morro do Querosene, Boa Vista, comunidade rural do Vai-Volta, al\u00e9m das obras de saneamento b\u00e1sico (\u00e1gua e esgoto) no C\u00f3rrego Fundo e a amplia\u00e7\u00e3o e modifica\u00e7\u00f5es das instala\u00e7\u00f5es no Hospital Municipal. J\u00e1 em Trajano de Moraes, na Regi\u00e3o Serrana, os recursos do Somando For\u00e7as ser\u00e3o usados na reconstru\u00e7\u00e3o da antiga esta\u00e7\u00e3o ferrovi\u00e1ria de Visconde de Imb\u00e9, um pr\u00e9dio de import\u00e2ncia hist\u00f3rica e um dos pontos tur\u00edsticos da cidade.<\/p>\n\n\n\n<p>O Programa Somando For\u00e7as possui atualmente 38 obras em 7 regi\u00f5es do estado: &nbsp;Norte, Noroeste, Baixada Litor\u00e2nea, M\u00e9dio Para\u00edba, Centro-Sul, Serra e Regi\u00e3o Metropolitana.<\/p>\n","protected":false},"excerpt":{"rendered":"<p>O Governo do Estado prorrogou os conv\u00eanios vigentes do Programa Somando For\u00e7as, executados pela Secretaria<\/p>\n","protected":false},"author":2,"featured_media":96782,"comment_status":"open","ping_status":"open","sticky":false,"template":"","format":"standard","meta":{"footnotes":""},"categories":[17],"tags":[],"class_list":["post-96781","post","type-post","status-publish","format-standard","has-post-thumbnail","hentry","category-outras-noticias"],"_links":{"self":[{"href":"https:\/\/tvc16.com\/portal\/wp-json\/wp\/v2\/posts\/96781","targetHints":{"allow":["GET"]}}],"collection":[{"href":"https:\/\/tvc16.com\/portal\/wp-json\/wp\/v2\/posts"}],"about":[{"href":"https:\/\/tvc16.com\/portal\/wp-json\/wp\/v2\/types\/post"}],"author":[{"embeddable":true,"href":"https:\/\/tvc16.com\/portal\/wp-json\/wp\/v2\/users\/2"}],"replies":[{"embeddable":true,"href":"https:\/\/tvc16.com\/portal\/wp-json\/wp\/v2\/comments?post=96781"}],"version-history":[{"count":1,"href":"https:\/\/tvc16.com\/portal\/wp-json\/wp\/v2\/posts\/96781\/revisions"}],"predecessor-version":[{"id":96783,"href":"https:\/\/tvc16.com\/portal\/wp-json\/wp\/v2\/posts\/96781\/revisions\/96783"}],"wp:featuredmedia":[{"embeddable":true,"href":"https:\/\/tvc16.com\/portal\/wp-json\/wp\/v2\/media\/96782"}],"wp:attachment":[{"href":"https:\/\/tvc16.com\/portal\/wp-json\/wp\/v2\/media?parent=96781"}],"wp:term":[{"taxonomy":"category","embeddable":true,"href":"https:\/\/tvc16.com\/portal\/wp-json\/wp\/v2\/categories?post=96781"},{"taxonomy":"post_tag","embeddable":true,"href":"https:\/\/tvc16.com\/portal\/wp-json\/wp\/v2\/tags?post=96781"}],"curies":[{"name":"wp","href":"https:\/\/api.w.org\/{rel}","templated":true}]}}