{"id":96784,"date":"2025-01-04T12:17:38","date_gmt":"2025-01-04T15:17:38","guid":{"rendered":"https:\/\/tvc16.com\/portal\/?p=96784"},"modified":"2025-01-04T12:17:40","modified_gmt":"2025-01-04T15:17:40","slug":"ano-letivo-2025-pre-matricula-para-creches-municipais-e-cmeis-sera-entre-os-dias-22-e-29-de-janeiro","status":"publish","type":"post","link":"https:\/\/tvc16.com\/portal\/2025\/01\/04\/ano-letivo-2025-pre-matricula-para-creches-municipais-e-cmeis-sera-entre-os-dias-22-e-29-de-janeiro\/","title":{"rendered":"Ano Letivo 2025: Pr\u00e9-matr\u00edcula para creches municipais e CMEIs ser\u00e1 entre os dias 22 e 29 de janeiro"},"content":{"rendered":"\n<p>A Secretaria Municipal de Educa\u00e7\u00e3o (SME), realiza, entre os pr\u00f3ximos dias 22 e 29, a pr\u00e9-matr\u00edcula referente ao ano letivo de 2025 para as turmas de ber\u00e7\u00e1rio, maternal e jardim nas Creches Municipais e Centros Municipais de Educa\u00e7\u00e3o Infantil (CMEIs). O cadastro ser\u00e1 feito em unidades da cidade e do interior, das 9h \u00e0s 16h, para que os pais e respons\u00e1veis se direcionem a unidade que seja mais pr\u00f3xima \u00e0 sua resid\u00eancia. A vaga n\u00e3o est\u00e1 condicionada \u00e0 ordem de inscri\u00e7\u00e3o.<\/p>\n\n\n\n<p>Unidades da Zona Rural:<br>\u2013 Creche M. Prof\u00aa Alayde Ferreira da Silva (Vargem Grande);<br>\u2013 Creche M. Doraci D\u00e1llia Granito (Bonsucesso);<br>\u2013&nbsp; CMEIA Mariana Martuchelli (Independente de Mottas).<\/p>\n\n\n\n<p>Unidades da Zona Urbana:<br>\u2013 CMEI Prof\u00aa Marilia Morgado Carneiro (Alto)<br>\u2013 CM Miss. Manoel Mello Silva (Agri\u00f5es)<br>\u2013 CM Manoel Carreiro Sobrinho (Barra do Imbu\u00ed)<br>\u2013 CM Edomiro (Loteamento F\u00e9o)<br>\u2013 CM Prof\u00aa Mara Luciana Brand\u00e3o Bravo (F\u00e1tima)<br>\u2013&nbsp; CM Mariazinha Jannotti (Araras)<br>\u2013 CM Prof\u00aa Ros\u00e1lia Martins de Lima Silva (Fonte Santa)<br>\u2013 CM Sempre Viva (Meudon)<br>\u2013 CM Amor Perfeito (Pimentel)<br>\u2013 CM Oscar Lobato e CM S\u00e3o Pedro (S\u00e3o Pedro)<br>\u2013 CM Professora Oneide Maria dos Santos (V\u00e1rzea)<br>\u2013 CM Para\u00edso (Vale do Para\u00edso)<br>\u2013 CM Prof\u00aa Elza Corradini Medeiros Santa Rita (Bom Retiro)<br>\u2013 CM Lar de Isabel, a Redentora (Pimenteiras)<br>\u2013 CMEI Jos\u00e9 Maria Leit\u00e3o (Parque Ermitage)<br>\u2013 CM Come\u00e7ando a Viver (Granja Guarani)<\/p>\n\n\n\n<p>Documenta\u00e7\u00e3o Necess\u00e1ria:<br>\u2013 C\u00f3pia da certid\u00e3o de nascimento do aluno;<\/p>\n\n\n\n<p>\u2013 Comprovante de resid\u00eancia atual (no m\u00ednimo 6 meses) em nome do respons\u00e1vel ou c\u00f3pia do comprovante de aluguel (pode ser declara\u00e7\u00e3o do dono da resid\u00eancia);<\/p>\n\n\n\n<p>\u2013 C\u00f3pia do RG e do CPF do respons\u00e1vel;<\/p>\n\n\n\n<p>\u2013 Laudo m\u00e9dico original e atual (m\u00e1ximo 6 meses) no caso de estudantes com necessidades especiais;<\/p>\n\n\n\n<p>\u2013 C\u00f3pia do comprovante de rendimentos\/contracheque do respons\u00e1vel;<\/p>\n\n\n\n<p>\u2013 C\u00f3pia do extrato do Bolsa Fam\u00edlia atual (m\u00e1ximo 2 meses) ou o cart\u00e3o do programa;<\/p>\n\n\n\n<p>\u2013 C\u00f3pia do comprovante de trabalho de todos os moradores da resid\u00eancia;<\/p>\n\n\n\n<p>\u2013 C\u00f3pia do comprovante de aluguel (pode ser declara\u00e7\u00e3o do dono da resid\u00eancia);<\/p>\n\n\n\n<p>\u2013 Situa\u00e7\u00e3o de risco: a crian\u00e7a estar em situa\u00e7\u00e3o de risco comprovado atrav\u00e9s de relat\u00f3rio descritivo lavrado pelo Conselho Tutelar, Minist\u00e9rio P\u00fablico ou Vara da Inf\u00e2ncia e Juventude;<\/p>\n\n\n\n<p>\u2013 C\u00f3pia da certid\u00e3o de nascimento dos irm\u00e3os, em cada pr\u00e9-matr\u00edcula realizada<\/p>\n","protected":false},"excerpt":{"rendered":"<p>A Secretaria Municipal de Educa\u00e7\u00e3o (SME), realiza, entre os pr\u00f3ximos dias 22 e 29, a<\/p>\n","protected":false},"author":2,"featured_media":93426,"comment_status":"open","ping_status":"open","sticky":false,"template":"","format":"standard","meta":{"footnotes":""},"categories":[17],"tags":[],"class_list":["post-96784","post","type-post","status-publish","format-standard","has-post-thumbnail","hentry","category-outras-noticias"],"_links":{"self":[{"href":"https:\/\/tvc16.com\/portal\/wp-json\/wp\/v2\/posts\/96784","targetHints":{"allow":["GET"]}}],"collection":[{"href":"https:\/\/tvc16.com\/portal\/wp-json\/wp\/v2\/posts"}],"about":[{"href":"https:\/\/tvc16.com\/portal\/wp-json\/wp\/v2\/types\/post"}],"author":[{"embeddable":true,"href":"https:\/\/tvc16.com\/portal\/wp-json\/wp\/v2\/users\/2"}],"replies":[{"embeddable":true,"href":"https:\/\/tvc16.com\/portal\/wp-json\/wp\/v2\/comments?post=96784"}],"version-history":[{"count":1,"href":"https:\/\/tvc16.com\/portal\/wp-json\/wp\/v2\/posts\/96784\/revisions"}],"predecessor-version":[{"id":96785,"href":"https:\/\/tvc16.com\/portal\/wp-json\/wp\/v2\/posts\/96784\/revisions\/96785"}],"wp:featuredmedia":[{"embeddable":true,"href":"https:\/\/tvc16.com\/portal\/wp-json\/wp\/v2\/media\/93426"}],"wp:attachment":[{"href":"https:\/\/tvc16.com\/portal\/wp-json\/wp\/v2\/media?parent=96784"}],"wp:term":[{"taxonomy":"category","embeddable":true,"href":"https:\/\/tvc16.com\/portal\/wp-json\/wp\/v2\/categories?post=96784"},{"taxonomy":"post_tag","embeddable":true,"href":"https:\/\/tvc16.com\/portal\/wp-json\/wp\/v2\/tags?post=96784"}],"curies":[{"name":"wp","href":"https:\/\/api.w.org\/{rel}","templated":true}]}}