{"id":96812,"date":"2025-01-05T05:00:00","date_gmt":"2025-01-05T08:00:00","guid":{"rendered":"https:\/\/tvc16.com\/portal\/?p=96812"},"modified":"2025-01-04T23:09:35","modified_gmt":"2025-01-05T02:09:35","slug":"guarda-civil-de-petropolis-reforca-seguranca-nos-pontos-turisticos-e-areas-centrais","status":"publish","type":"post","link":"https:\/\/tvc16.com\/portal\/2025\/01\/05\/guarda-civil-de-petropolis-reforca-seguranca-nos-pontos-turisticos-e-areas-centrais\/","title":{"rendered":"Guarda Civil de Petr\u00f3polis refor\u00e7a seguran\u00e7a nos pontos tur\u00edsticos e \u00e1reas centrais"},"content":{"rendered":"\n<p>A Guarda Civil de Petr\u00f3polis intensificou suas a\u00e7\u00f5es de seguran\u00e7a com um reposicionamento estrat\u00e9gico das equipes, visando coibir a atua\u00e7\u00e3o de flanelinhas e refor\u00e7ar a prote\u00e7\u00e3o em locais de grande circula\u00e7\u00e3o. A iniciativa abrange os principais pontos tur\u00edsticos da cidade, como o Trono de F\u00e1tima, o Pal\u00e1cio de Cristal, o Hotel Quitandinha e a Pra\u00e7a da Liberdade, al\u00e9m de promover o patrulhamento cont\u00ednuo no Terminal Rodovi\u00e1rio do Centro.<\/p>\n\n\n\n<p>\u201cVamos trabalhar para manter Petr\u00f3polis como uma das cidades mais seguras do Brasil. Este refor\u00e7o na seguran\u00e7a \u00e9 essencial para garantir a dignidade e o bem-estar de cada petropolitano, al\u00e9m de proporcionar tranquilidade aos nossos visitantes. A Guarda Civil est\u00e1 comprometida em proteger nossos espa\u00e7os p\u00fablicos e manter a ordem, alinhando planejamento estrat\u00e9gico a a\u00e7\u00f5es efetivas\u201d, destacou o prefeito Hingo Hammes<\/p>\n\n\n\n<p>No terminal, agentes voltaram a atuar para prevenir conflitos, combater o vandalismo e garantir mais tranquilidade aos usu\u00e1rios. No Centro Hist\u00f3rico, duplas de agentes realizam patrulhamento a p\u00e9 nas ruas do Imperador, 16 de Mar\u00e7o e Teresa, \u00e1reas estrat\u00e9gicas para o com\u00e9rcio e com grande fluxo de pedestres.<\/p>\n\n\n\n<p>As rondas motorizadas tamb\u00e9m foram redistribu\u00eddas para cobrir de forma eficaz os principais marcos tur\u00edsticos e locais de lazer, como o Obelisco e outras regi\u00f5es do Centro Hist\u00f3rico, enquanto tr\u00eas agentes permanecem fixos no Terminal Centro, ampliando a vigil\u00e2ncia e a capacidade de resposta.<\/p>\n","protected":false},"excerpt":{"rendered":"<p>A Guarda Civil de Petr\u00f3polis intensificou suas a\u00e7\u00f5es de seguran\u00e7a com um reposicionamento estrat\u00e9gico das<\/p>\n","protected":false},"author":2,"featured_media":96813,"comment_status":"open","ping_status":"open","sticky":false,"template":"","format":"standard","meta":{"footnotes":""},"categories":[12],"tags":[],"class_list":["post-96812","post","type-post","status-publish","format-standard","has-post-thumbnail","hentry","category-cidade"],"_links":{"self":[{"href":"https:\/\/tvc16.com\/portal\/wp-json\/wp\/v2\/posts\/96812","targetHints":{"allow":["GET"]}}],"collection":[{"href":"https:\/\/tvc16.com\/portal\/wp-json\/wp\/v2\/posts"}],"about":[{"href":"https:\/\/tvc16.com\/portal\/wp-json\/wp\/v2\/types\/post"}],"author":[{"embeddable":true,"href":"https:\/\/tvc16.com\/portal\/wp-json\/wp\/v2\/users\/2"}],"replies":[{"embeddable":true,"href":"https:\/\/tvc16.com\/portal\/wp-json\/wp\/v2\/comments?post=96812"}],"version-history":[{"count":1,"href":"https:\/\/tvc16.com\/portal\/wp-json\/wp\/v2\/posts\/96812\/revisions"}],"predecessor-version":[{"id":96814,"href":"https:\/\/tvc16.com\/portal\/wp-json\/wp\/v2\/posts\/96812\/revisions\/96814"}],"wp:featuredmedia":[{"embeddable":true,"href":"https:\/\/tvc16.com\/portal\/wp-json\/wp\/v2\/media\/96813"}],"wp:attachment":[{"href":"https:\/\/tvc16.com\/portal\/wp-json\/wp\/v2\/media?parent=96812"}],"wp:term":[{"taxonomy":"category","embeddable":true,"href":"https:\/\/tvc16.com\/portal\/wp-json\/wp\/v2\/categories?post=96812"},{"taxonomy":"post_tag","embeddable":true,"href":"https:\/\/tvc16.com\/portal\/wp-json\/wp\/v2\/tags?post=96812"}],"curies":[{"name":"wp","href":"https:\/\/api.w.org\/{rel}","templated":true}]}}