{"id":96818,"date":"2025-01-05T13:25:03","date_gmt":"2025-01-05T16:25:03","guid":{"rendered":"https:\/\/tvc16.com\/portal\/?p=96818"},"modified":"2025-01-05T13:25:06","modified_gmt":"2025-01-05T16:25:06","slug":"comdep-realiza-mutirao-de-limpeza-na-posse-para-minimizar-impactos-das-chuvas","status":"publish","type":"post","link":"https:\/\/tvc16.com\/portal\/2025\/01\/05\/comdep-realiza-mutirao-de-limpeza-na-posse-para-minimizar-impactos-das-chuvas\/","title":{"rendered":"Comdep realiza mutir\u00e3o de limpeza na Posse para minimizar impactos das chuvas"},"content":{"rendered":"\n<p>A Comdep mobilizou uma grande for\u00e7a-tarefa no distrito da Posse, afetado pelas fortes chuvas recentes, com o objetivo de restaurar a limpeza e a organiza\u00e7\u00e3o das vias p\u00fablicas. Entre sexta-feira (03) e s\u00e1bado (04), as a\u00e7\u00f5es envolveram 65 funcion\u00e1rios no primeiro dia e 51 no segundo, al\u00e9m do uso de 22 equipamentos, como caminh\u00f5es-pipa, retroescavadeiras e caminh\u00f5es tocos.<\/p>\n\n\n\n<p>Os trabalhos inclu\u00edram a raspagem de terra em ruas como Nossa Senhora de F\u00e1tima, retirada de entulhos e lixo domiciliar. A iniciativa contou com apoio da \u00c1guas do Imperador, Secretaria de Obras, CPTrans e Defesa Civil.<\/p>\n\n\n\n<p>O prefeito Hingo Hammes destacou a import\u00e2ncia do mutir\u00e3o. \u201cEstamos empenhados em devolver a normalidade para a Posse o mais r\u00e1pido poss\u00edvel. A atua\u00e7\u00e3o integrada da Comdep com seus parceiros demonstra nosso compromisso em garantir sa\u00fade, seguran\u00e7a e dignidade para a popula\u00e7\u00e3o.\u201d<\/p>\n\n\n\n<p>A presidente da Comdep, Fernanda Ferreira, refor\u00e7ou o impacto das a\u00e7\u00f5es. \u201cAs chuvas causaram transtornos na Posse, mas com a uni\u00e3o das equipes e o uso de maquin\u00e1rio adequado, conseguimos avan\u00e7ar rapidamente na limpeza e organiza\u00e7\u00e3o. Esse trabalho reflete o esfor\u00e7o da gest\u00e3o em atender \u00e0s necessidades emergenciais dos moradores.\u201d<\/p>\n\n\n\n<p>O mutir\u00e3o continua nos pr\u00f3ximos dias, garantindo que todas as \u00e1reas atingidas sejam atendidas de forma eficiente e respons\u00e1vel.<\/p>\n","protected":false},"excerpt":{"rendered":"<p>A Comdep mobilizou uma grande for\u00e7a-tarefa no distrito da Posse, afetado pelas fortes chuvas recentes,<\/p>\n","protected":false},"author":2,"featured_media":96819,"comment_status":"open","ping_status":"open","sticky":false,"template":"","format":"standard","meta":{"footnotes":""},"categories":[12],"tags":[],"class_list":["post-96818","post","type-post","status-publish","format-standard","has-post-thumbnail","hentry","category-cidade"],"_links":{"self":[{"href":"https:\/\/tvc16.com\/portal\/wp-json\/wp\/v2\/posts\/96818","targetHints":{"allow":["GET"]}}],"collection":[{"href":"https:\/\/tvc16.com\/portal\/wp-json\/wp\/v2\/posts"}],"about":[{"href":"https:\/\/tvc16.com\/portal\/wp-json\/wp\/v2\/types\/post"}],"author":[{"embeddable":true,"href":"https:\/\/tvc16.com\/portal\/wp-json\/wp\/v2\/users\/2"}],"replies":[{"embeddable":true,"href":"https:\/\/tvc16.com\/portal\/wp-json\/wp\/v2\/comments?post=96818"}],"version-history":[{"count":1,"href":"https:\/\/tvc16.com\/portal\/wp-json\/wp\/v2\/posts\/96818\/revisions"}],"predecessor-version":[{"id":96820,"href":"https:\/\/tvc16.com\/portal\/wp-json\/wp\/v2\/posts\/96818\/revisions\/96820"}],"wp:featuredmedia":[{"embeddable":true,"href":"https:\/\/tvc16.com\/portal\/wp-json\/wp\/v2\/media\/96819"}],"wp:attachment":[{"href":"https:\/\/tvc16.com\/portal\/wp-json\/wp\/v2\/media?parent=96818"}],"wp:term":[{"taxonomy":"category","embeddable":true,"href":"https:\/\/tvc16.com\/portal\/wp-json\/wp\/v2\/categories?post=96818"},{"taxonomy":"post_tag","embeddable":true,"href":"https:\/\/tvc16.com\/portal\/wp-json\/wp\/v2\/tags?post=96818"}],"curies":[{"name":"wp","href":"https:\/\/api.w.org\/{rel}","templated":true}]}}