{"id":9682,"date":"2021-01-17T16:09:16","date_gmt":"2021-01-17T19:09:16","guid":{"rendered":"https:\/\/tvc16.com\/portal\/?p=9682"},"modified":"2021-01-17T16:09:18","modified_gmt":"2021-01-17T19:09:18","slug":"tecnicos-da-anvisa-recomendam-uso-emergencial-da-vacina-de-oxford-mais-cedo-area-tecnica-havia-defendido-aprovacao-da-coronavac","status":"publish","type":"post","link":"https:\/\/tvc16.com\/portal\/2021\/01\/17\/tecnicos-da-anvisa-recomendam-uso-emergencial-da-vacina-de-oxford-mais-cedo-area-tecnica-havia-defendido-aprovacao-da-coronavac\/","title":{"rendered":"T\u00e9cnicos da Anvisa recomendam uso emergencial da vacina de Oxford. Mais cedo, \u00e1rea t\u00e9cnica havia defendido aprova\u00e7\u00e3o da CoronaVac"},"content":{"rendered":"\n<p>A vacina de Oxford, desenvolvida pela empresa AstraZeneca em parceria com a Universidade de Oxford, tamb\u00e9m teve o uso emergencial recomendado pela \u00e1rea t\u00e9cnica da Ag\u00eancia Nacional de Vigil\u00e2ncia Sanit\u00e1ria (Anvisa). Mais cedo, os t\u00e9cnicos tinham recomendado a&nbsp;<a href=\"https:\/\/agenciabrasil.ebc.com.br\/saude\/noticia\/2021-01\/area-tecnica-da-anvisa-recomenda-uso-emergencial-da-coronavac\" target=\"_blank\" rel=\"noreferrer noopener\">vacina\u00e7\u00e3o emergencial<\/a>&nbsp;com a CoronaVac.<img decoding=\"async\" src=\"https:\/\/agenciabrasil.ebc.com.br\/ebc.png?id=1398894&amp;o=node\"><img decoding=\"async\" src=\"https:\/\/agenciabrasil.ebc.com.br\/ebc.gif?id=1398894&amp;o=node\"><\/p>\n\n\n\n<p>A recomenda\u00e7\u00e3o da \u00e1rea t\u00e9cnica ser\u00e1 votada pelos diretores da Anvisa. A reuni\u00e3o est\u00e1 prevista para acabar por volta das 15h.<\/p>\n\n\n\n<p><strong>Veja a reuni\u00e3o completa:<\/strong><\/p>\n\n\n\n<figure class=\"wp-block-embed is-type-rich is-provider-incorporar-manipulador wp-block-embed-incorporar-manipulador wp-embed-aspect-16-9 wp-has-aspect-ratio\"><div class=\"wp-block-embed__wrapper\">\n<iframe loading=\"lazy\" title=\"#AoVivo: Reuni\u00e3o Extraordin\u00e1ria da Diretoria da Anvisa\" width=\"640\" height=\"360\" src=\"https:\/\/www.youtube.com\/embed\/VUwd47iX6AA?feature=oembed\" frameborder=\"0\" allow=\"accelerometer; autoplay; clipboard-write; encrypted-media; gyroscope; picture-in-picture; web-share\" referrerpolicy=\"strict-origin-when-cross-origin\" allowfullscreen><\/iframe>\n<\/div><\/figure>\n\n\n\n<p>A Anvisa confirmou a efic\u00e1cia global do imunizante em 70,42%, validando estudo publicado no in\u00edcio de dezembro pela revista cient\u00edfica The Lancet. A efic\u00e1cia mede a taxa de sucesso na preven\u00e7\u00e3o da covid-19 comparada a quem recebeu placebo (medicamento in\u00f3cuo).<\/p>\n\n\n\n<p>Assim como no caso da CoronaVac, os t\u00e9cnicos da Anvisa recomendaram o monitoramento de incertezas e a reavalia\u00e7\u00e3o peri\u00f3dica da vacina de Oxford. O gerente de Medicamentos da Anvisa, Gustavo Mendes, citou duas incertezas que precisar\u00e3o de acompanhamento: baixo n\u00famero de idosos testados e diferen\u00e7as entre o banco de semente de v\u00edrus da AstraZeneca e do Instituto Serum, laborat\u00f3rio da \u00cdndia.<\/p>\n\n\n\n<p>No momento, t\u00e9cnicos da Anvisa apresentam os dados das an\u00e1lises das condi\u00e7\u00f5es de produ\u00e7\u00e3o das vacinas e da seguran\u00e7a dos imunizantes. Ap\u00f3s o fim da apresenta\u00e7\u00e3o da \u00e1rea t\u00e9cnica, a relatora do tema, diretora Meiruze Freitas ler\u00e1 seu voto, com os outros quatro diretores da ag\u00eancia votando em seguida.<\/p>\n\n\n\n<p><\/p>\n\n\n\n<p>Por Wellton M\u00e1ximo \u2013 Rep\u00f3rter da Ag\u00eancia Brasil &#8211; Bras\u00edlia<\/p>\n\n\n\n<p>Edi\u00e7\u00e3o: Aline Leal<\/p>\n","protected":false},"excerpt":{"rendered":"<p>A vacina de Oxford, desenvolvida pela empresa AstraZeneca em parceria com a Universidade de Oxford,<\/p>\n","protected":false},"author":2,"featured_media":9684,"comment_status":"open","ping_status":"open","sticky":false,"template":"","format":"standard","meta":{"footnotes":""},"categories":[17],"tags":[],"class_list":["post-9682","post","type-post","status-publish","format-standard","has-post-thumbnail","hentry","category-outras-noticias"],"_links":{"self":[{"href":"https:\/\/tvc16.com\/portal\/wp-json\/wp\/v2\/posts\/9682","targetHints":{"allow":["GET"]}}],"collection":[{"href":"https:\/\/tvc16.com\/portal\/wp-json\/wp\/v2\/posts"}],"about":[{"href":"https:\/\/tvc16.com\/portal\/wp-json\/wp\/v2\/types\/post"}],"author":[{"embeddable":true,"href":"https:\/\/tvc16.com\/portal\/wp-json\/wp\/v2\/users\/2"}],"replies":[{"embeddable":true,"href":"https:\/\/tvc16.com\/portal\/wp-json\/wp\/v2\/comments?post=9682"}],"version-history":[{"count":1,"href":"https:\/\/tvc16.com\/portal\/wp-json\/wp\/v2\/posts\/9682\/revisions"}],"predecessor-version":[{"id":9685,"href":"https:\/\/tvc16.com\/portal\/wp-json\/wp\/v2\/posts\/9682\/revisions\/9685"}],"wp:featuredmedia":[{"embeddable":true,"href":"https:\/\/tvc16.com\/portal\/wp-json\/wp\/v2\/media\/9684"}],"wp:attachment":[{"href":"https:\/\/tvc16.com\/portal\/wp-json\/wp\/v2\/media?parent=9682"}],"wp:term":[{"taxonomy":"category","embeddable":true,"href":"https:\/\/tvc16.com\/portal\/wp-json\/wp\/v2\/categories?post=9682"},{"taxonomy":"post_tag","embeddable":true,"href":"https:\/\/tvc16.com\/portal\/wp-json\/wp\/v2\/tags?post=9682"}],"curies":[{"name":"wp","href":"https:\/\/api.w.org\/{rel}","templated":true}]}}