{"id":96823,"date":"2025-01-05T13:34:10","date_gmt":"2025-01-05T16:34:10","guid":{"rendered":"https:\/\/tvc16.com\/portal\/?p=96823"},"modified":"2025-01-05T13:34:12","modified_gmt":"2025-01-05T16:34:12","slug":"apos-o-sucesso-do-natal-cervejeiro-deguste-prepara-edicao-especial-de-9-anos-em-janeiro","status":"publish","type":"post","link":"https:\/\/tvc16.com\/portal\/2025\/01\/05\/apos-o-sucesso-do-natal-cervejeiro-deguste-prepara-edicao-especial-de-9-anos-em-janeiro\/","title":{"rendered":"Ap\u00f3s o sucesso do Natal Cervejeiro, Deguste prepara edi\u00e7\u00e3o especial de 9 anos em Janeiro"},"content":{"rendered":"\n<p>O Natal Cervejeiro 2024 terminou com sucesso de p\u00fablico: foram tr\u00eas semanas de programa\u00e7\u00e3o musical, gastronomia de ponta e intera\u00e7\u00e3o com o p\u00fablico cativo da feira que fechou o ano de 2024 em grande estilo. Agora, a produ\u00e7\u00e3o est\u00e1 empenhada em garantir uma edi\u00e7\u00e3o ainda mais especial em janeiro: comemora\u00e7\u00e3o dos 9 anos da feira cervejeira mais famosa do estado.<\/p>\n\n\n\n<p>Para brindar a chegada da edi\u00e7\u00e3o 95\u00aa, marcada para os dias 17, 18 e 19 de janeiro, com a tem\u00e1tica especial de 9 anos de Deguste, o planejamento j\u00e1 est\u00e1 a todo vapor.<\/p>\n\n\n\n<p>\u201cJaneiro, in\u00edcio de um novo ano, cheio de realiza\u00e7\u00f5es e possibilidades. A nossa dica \u00e9 come\u00e7ar com p\u00e9 direito e curtir as boas vibra\u00e7\u00f5es da Deguste\u201d, afirma o idealizador da Deguste, Rodrigo Duarte.<\/p>\n\n\n\n<p>As novidades da programa\u00e7\u00e3o ser\u00e3o divulgadas nos pr\u00f3ximos dias. Todas as informa\u00e7\u00f5es podem ser conferidas no Instagram oficial @feiradeguste.<\/p>\n\n\n\n<p>\u201c2025 j\u00e1 chega com muitas novidades na Deguste. N\u00e3o perca\u201d, confirma a produtora da Deguste, Gabrielle Rosendo.<\/p>\n","protected":false},"excerpt":{"rendered":"<p>O Natal Cervejeiro 2024 terminou com sucesso de p\u00fablico: foram tr\u00eas semanas de programa\u00e7\u00e3o musical,<\/p>\n","protected":false},"author":2,"featured_media":96824,"comment_status":"open","ping_status":"open","sticky":false,"template":"","format":"standard","meta":{"footnotes":""},"categories":[12],"tags":[],"class_list":["post-96823","post","type-post","status-publish","format-standard","has-post-thumbnail","hentry","category-cidade"],"_links":{"self":[{"href":"https:\/\/tvc16.com\/portal\/wp-json\/wp\/v2\/posts\/96823","targetHints":{"allow":["GET"]}}],"collection":[{"href":"https:\/\/tvc16.com\/portal\/wp-json\/wp\/v2\/posts"}],"about":[{"href":"https:\/\/tvc16.com\/portal\/wp-json\/wp\/v2\/types\/post"}],"author":[{"embeddable":true,"href":"https:\/\/tvc16.com\/portal\/wp-json\/wp\/v2\/users\/2"}],"replies":[{"embeddable":true,"href":"https:\/\/tvc16.com\/portal\/wp-json\/wp\/v2\/comments?post=96823"}],"version-history":[{"count":1,"href":"https:\/\/tvc16.com\/portal\/wp-json\/wp\/v2\/posts\/96823\/revisions"}],"predecessor-version":[{"id":96825,"href":"https:\/\/tvc16.com\/portal\/wp-json\/wp\/v2\/posts\/96823\/revisions\/96825"}],"wp:featuredmedia":[{"embeddable":true,"href":"https:\/\/tvc16.com\/portal\/wp-json\/wp\/v2\/media\/96824"}],"wp:attachment":[{"href":"https:\/\/tvc16.com\/portal\/wp-json\/wp\/v2\/media?parent=96823"}],"wp:term":[{"taxonomy":"category","embeddable":true,"href":"https:\/\/tvc16.com\/portal\/wp-json\/wp\/v2\/categories?post=96823"},{"taxonomy":"post_tag","embeddable":true,"href":"https:\/\/tvc16.com\/portal\/wp-json\/wp\/v2\/tags?post=96823"}],"curies":[{"name":"wp","href":"https:\/\/api.w.org\/{rel}","templated":true}]}}