{"id":96826,"date":"2025-01-05T13:37:43","date_gmt":"2025-01-05T16:37:43","guid":{"rendered":"https:\/\/tvc16.com\/portal\/?p=96826"},"modified":"2025-01-05T13:37:46","modified_gmt":"2025-01-05T16:37:46","slug":"fies-programa-tera-56-mil-vagas-para-inscritos-no-cadunico","status":"publish","type":"post","link":"https:\/\/tvc16.com\/portal\/2025\/01\/05\/fies-programa-tera-56-mil-vagas-para-inscritos-no-cadunico\/","title":{"rendered":"Fies: programa ter\u00e1 56 mil vagas para inscritos no Cad\u00danico"},"content":{"rendered":"\n<p>Das 112.168 novas vagas anunciadas pelo Minist\u00e9rio da Educa\u00e7\u00e3o (MEC) para o Fundo de Financiamento Estudantil (Fies) ao longo de 2025, metade ser\u00e1 destinada a candidatos inscritos no Cadastro \u00danico para Programas Sociais do Governo Federal (Cad\u00danico) e com renda familiar per capita at\u00e9 meio sal\u00e1rio m\u00ednimo.<img decoding=\"async\" src=\"https:\/\/agenciabrasil.ebc.com.br\/ebc.png?id=1625727&amp;o=node\"><img decoding=\"async\" src=\"https:\/\/agenciabrasil.ebc.com.br\/ebc.gif?id=1625727&amp;o=node\"><\/p>\n\n\n\n<p>A modalidade Fies Social, lan\u00e7ada em 2024, permite o financiamento at\u00e9 100% dos encargos educacionais, al\u00e9m de reservar cotas para pretos, pardos, ind\u00edgenas, quilombolas e pessoas com defici\u00eancia. Dados do minist\u00e9rio mostram que, no primeiro semestre de 2024, 39.419 estudantes migraram do Fies para o Fies Social.<\/p>\n\n\n\n<h2 class=\"wp-block-heading\">Entenda<\/h2>\n\n\n\n<p>O Fies foi institu\u00eddo pela Lei n\u00ba 10.260, de 12 de julho de 2001. O objetivo \u00e9 conceder financiamento a estudantes de cursos de gradua\u00e7\u00e3o em institui\u00e7\u00f5es de educa\u00e7\u00e3o superior privadas aderentes ao programa e com avalia\u00e7\u00e3o positiva no Sistema Nacional de Avalia\u00e7\u00e3o da Educa\u00e7\u00e3o Superior (Sinaes).<\/p>\n\n\n\n<p>Desde 2018, segundo o MEC, o fundo possibilita juros zero e uma escala de financiamento que varia conforme a renda familiar do candidato.<\/p>\n","protected":false},"excerpt":{"rendered":"<p>Das 112.168 novas vagas anunciadas pelo Minist\u00e9rio da Educa\u00e7\u00e3o (MEC) para o Fundo de Financiamento<\/p>\n","protected":false},"author":2,"featured_media":96827,"comment_status":"open","ping_status":"open","sticky":false,"template":"","format":"standard","meta":{"footnotes":""},"categories":[17],"tags":[],"class_list":["post-96826","post","type-post","status-publish","format-standard","has-post-thumbnail","hentry","category-outras-noticias"],"_links":{"self":[{"href":"https:\/\/tvc16.com\/portal\/wp-json\/wp\/v2\/posts\/96826","targetHints":{"allow":["GET"]}}],"collection":[{"href":"https:\/\/tvc16.com\/portal\/wp-json\/wp\/v2\/posts"}],"about":[{"href":"https:\/\/tvc16.com\/portal\/wp-json\/wp\/v2\/types\/post"}],"author":[{"embeddable":true,"href":"https:\/\/tvc16.com\/portal\/wp-json\/wp\/v2\/users\/2"}],"replies":[{"embeddable":true,"href":"https:\/\/tvc16.com\/portal\/wp-json\/wp\/v2\/comments?post=96826"}],"version-history":[{"count":1,"href":"https:\/\/tvc16.com\/portal\/wp-json\/wp\/v2\/posts\/96826\/revisions"}],"predecessor-version":[{"id":96828,"href":"https:\/\/tvc16.com\/portal\/wp-json\/wp\/v2\/posts\/96826\/revisions\/96828"}],"wp:featuredmedia":[{"embeddable":true,"href":"https:\/\/tvc16.com\/portal\/wp-json\/wp\/v2\/media\/96827"}],"wp:attachment":[{"href":"https:\/\/tvc16.com\/portal\/wp-json\/wp\/v2\/media?parent=96826"}],"wp:term":[{"taxonomy":"category","embeddable":true,"href":"https:\/\/tvc16.com\/portal\/wp-json\/wp\/v2\/categories?post=96826"},{"taxonomy":"post_tag","embeddable":true,"href":"https:\/\/tvc16.com\/portal\/wp-json\/wp\/v2\/tags?post=96826"}],"curies":[{"name":"wp","href":"https:\/\/api.w.org\/{rel}","templated":true}]}}