{"id":96846,"date":"2025-01-05T14:19:10","date_gmt":"2025-01-05T17:19:10","guid":{"rendered":"https:\/\/tvc16.com\/portal\/?p=96846"},"modified":"2025-01-05T14:19:12","modified_gmt":"2025-01-05T17:19:12","slug":"governo-municipal-planeja-obras-emergenciais-para-recuperacao-da-casa-da-memoria-arthur-dalmasso","status":"publish","type":"post","link":"https:\/\/tvc16.com\/portal\/2025\/01\/05\/governo-municipal-planeja-obras-emergenciais-para-recuperacao-da-casa-da-memoria-arthur-dalmasso\/","title":{"rendered":"Governo Municipal planeja obras emergenciais para recupera\u00e7\u00e3o da Casa da Mem\u00f3ria Arthur Dalmasso"},"content":{"rendered":"\n<p>Empossado pelo Prefeito Leonardo Vasconcellos, o secret\u00e1rio municipal de Cultura, Wanderley Peres, vistoriou a Casa da Mem\u00f3ria Arthur Dalmasso, na V\u00e1rzea, nesta sexta-feira, 03\/01, e verificou a necessidade de realiza\u00e7\u00e3o de obras emergenciais para a recupera\u00e7\u00e3o de pontos cr\u00edticos do espa\u00e7o p\u00fablico em grave processo de deteriora\u00e7\u00e3o.<\/p>\n\n\n\n<p>Tombado pelo Inepac (Instituto Estadual do Patrim\u00f4nio Cultural) e vinculado \u00e0 Secretaria de Cultura, o im\u00f3vel, que abriga exposi\u00e7\u00f5es, mostras tem\u00e1ticas e o Departamento de Patrim\u00f4nio Hist\u00f3rico do Munic\u00edpio, est\u00e1 com \u00e1reas interditadas para circula\u00e7\u00e3o de visitantes no 2\u00ba piso e nas partes frontal e lateral devido \u00e0s condi\u00e7\u00f5es prec\u00e1rias do madeiramento da varanda e da estrutura que circunda o elevador de acessibilidade.<\/p>\n\n\n\n<p>\u201cSer\u00e1 necess\u00e1ria a imediata revis\u00e3o do telhado e o reparo nas calhas e condutores de \u00e1gua para eliminar infiltra\u00e7\u00f5es, entre outros servi\u00e7os emergenciais. O 2\u00ba pavimento est\u00e1 impr\u00f3prio para circula\u00e7\u00e3o de visitantes, mas com pequenas interven\u00e7\u00f5es poderemos utilizar a \u00e1rea para as pesquisas de documentos hist\u00f3ricos e tamb\u00e9m pelo setor administrativo da Casa\u201d, explicou Wanderley Peres. \u201cAo mesmo tempo, vamos atuar junto ao Inepac para a elabora\u00e7\u00e3o do projeto de restaura\u00e7\u00e3o, revitalizando a Casa da Mem\u00f3ria para que ela cumpra a destina\u00e7\u00e3o que recebeu em 6 de julho de 2009, de ser a casa de guarda da hist\u00f3ria do munic\u00edpio. A orienta\u00e7\u00e3o do Prefeito Leonardo Vasconcellos \u00e9 que os reparos emergenciais sejam realizados ainda em janeiro e que a restaura\u00e7\u00e3o da Casa da Mem\u00f3ria aconte\u00e7a e seja conclu\u00edda at\u00e9 o fim do ano\u201d, acrescentou.<\/p>\n\n\n\n<p><strong>Vila Cec\u00edlia :<\/strong>&nbsp;Localizado na Pra\u00e7a Baltasar da Silveira, n\u00famero 91, no centro da cidade, o casar\u00e3o que abriga a Casa da Mem\u00f3ria Arthur Dalmasso mistura v\u00e1rios estilos arquitet\u00f4nicos, como o normando, neocl\u00e1ssico e art-noveau, e conta com belos ladrilhos portugueses, metais e vidros franceses. Foi constru\u00eddo entre os anos de 1920 e 1924 como um presente do prefeito interino de Teres\u00f3polis, Jos\u00e9 Lino de Oliveira Leite, para a esposa, Cec\u00edlia da Silva Leite, quando foi batizado de Vila Cec\u00edlia. Em 2024 completou 100 anos.<\/p>\n\n\n\n<p>De 1932 a 1950, serviu de loca\u00e7\u00e3o para o Gin\u00e1sio Teres\u00f3polis, o Hotel Atl\u00e2ntica e o Hotel Savoy. Em 1960, o pintor portugu\u00eas Fernando Martins monta seu ateli\u00ea na garagem do Hotel Savoy, executando ali centenas de quadros, entre eles, os pain\u00e9is decorativos do Pal\u00e1cio Teresa Cristina \u2013 sede da Prefeitura de Teres\u00f3polis. Serviu de moradia de loca\u00e7\u00e3o por v\u00e1rios anos.<\/p>\n\n\n\n<p>Foi desapropriado pela Prefeitura em 1987 e, no ano seguinte, o Inepac (Instituto Estadual do Patrim\u00f4nio Cultural) concluiu o processo de tombamento do im\u00f3vel. Entre 1990 e 2000 o pr\u00e9dio abrigou a Biblioteca Municipal Ant\u00f4nio Paulo Capanema de Souza.<\/p>\n\n\n\n<p>Em 2008, foram realizadas obras de restaura\u00e7\u00e3o da Vila, por exig\u00eancia do Inepac, com recursos do HSBC Bank Brasil S\/A e conclus\u00e3o no ano seguinte. Em 6 de julho de 2009 foi inaugurada no local a Casa da Mem\u00f3ria Arthur Dalmasso, prestando homenagem ao m\u00e9dico, pintor, poeta e deputado da cidade e que foi membro fundador da Academia Teresopolitana de Letras, da Sociedade dos Artistas de Teres\u00f3polis e da Faculdade de Medicina de Teres\u00f3polis, atual UNIFESO (Centro Universit\u00e1rio Serra dos \u00d3rg\u00e3os).<\/p>\n\n\n\n<p>Na Casa da Mem\u00f3ria funciona tamb\u00e9m o Servi\u00e7o de Patrim\u00f4nio Hist\u00f3rico, Art\u00edstico e Cultural do munic\u00edpio, que possui em seu acervo in\u00fameras fotos de \u00e9poca, livros hist\u00f3ricos, objetos antigos, quadros, moedas e itens diversificados que ajudam a contar a hist\u00f3ria da cidade.<\/p>\n","protected":false},"excerpt":{"rendered":"<p>Empossado pelo Prefeito Leonardo Vasconcellos, o secret\u00e1rio municipal de Cultura, Wanderley Peres, vistoriou a Casa<\/p>\n","protected":false},"author":2,"featured_media":96847,"comment_status":"open","ping_status":"open","sticky":false,"template":"","format":"standard","meta":{"footnotes":""},"categories":[17],"tags":[],"class_list":["post-96846","post","type-post","status-publish","format-standard","has-post-thumbnail","hentry","category-outras-noticias"],"_links":{"self":[{"href":"https:\/\/tvc16.com\/portal\/wp-json\/wp\/v2\/posts\/96846","targetHints":{"allow":["GET"]}}],"collection":[{"href":"https:\/\/tvc16.com\/portal\/wp-json\/wp\/v2\/posts"}],"about":[{"href":"https:\/\/tvc16.com\/portal\/wp-json\/wp\/v2\/types\/post"}],"author":[{"embeddable":true,"href":"https:\/\/tvc16.com\/portal\/wp-json\/wp\/v2\/users\/2"}],"replies":[{"embeddable":true,"href":"https:\/\/tvc16.com\/portal\/wp-json\/wp\/v2\/comments?post=96846"}],"version-history":[{"count":1,"href":"https:\/\/tvc16.com\/portal\/wp-json\/wp\/v2\/posts\/96846\/revisions"}],"predecessor-version":[{"id":96848,"href":"https:\/\/tvc16.com\/portal\/wp-json\/wp\/v2\/posts\/96846\/revisions\/96848"}],"wp:featuredmedia":[{"embeddable":true,"href":"https:\/\/tvc16.com\/portal\/wp-json\/wp\/v2\/media\/96847"}],"wp:attachment":[{"href":"https:\/\/tvc16.com\/portal\/wp-json\/wp\/v2\/media?parent=96846"}],"wp:term":[{"taxonomy":"category","embeddable":true,"href":"https:\/\/tvc16.com\/portal\/wp-json\/wp\/v2\/categories?post=96846"},{"taxonomy":"post_tag","embeddable":true,"href":"https:\/\/tvc16.com\/portal\/wp-json\/wp\/v2\/tags?post=96846"}],"curies":[{"name":"wp","href":"https:\/\/api.w.org\/{rel}","templated":true}]}}