{"id":9686,"date":"2021-01-17T16:40:01","date_gmt":"2021-01-17T19:40:01","guid":{"rendered":"https:\/\/tvc16.com\/portal\/?p=9686"},"modified":"2021-01-17T16:40:04","modified_gmt":"2021-01-17T19:40:04","slug":"por-unanimidade-anvisa-aprova-uso-emergencial-de-vacinas-contra-covid-decisao-depende-de-publicacao-para-entrar-em-vigor","status":"publish","type":"post","link":"https:\/\/tvc16.com\/portal\/2021\/01\/17\/por-unanimidade-anvisa-aprova-uso-emergencial-de-vacinas-contra-covid-decisao-depende-de-publicacao-para-entrar-em-vigor\/","title":{"rendered":"Por unanimidade, Anvisa aprova uso emergencial de vacinas contra covid. Decis\u00e3o depende de publica\u00e7\u00e3o para entrar em vigor"},"content":{"rendered":"\n<p>Por unanimidade, os cinco diretores da Ag\u00eancia Nacional de Vigil\u00e2ncia Sanit\u00e1ria (Anvisa) aprovaram o uso emergencial da CoronaVac e da vacina de Oxford contra a covid-19. A decis\u00e3o depende de publica\u00e7\u00e3o no<em>\u00a0Di\u00e1rio Oficial<\/em>\u00a0e de comunica\u00e7\u00e3o aos laborat\u00f3rios para entrar em vigor.<br><br>A maioria na dire\u00e7\u00e3o da ag\u00eancia foi alcan\u00e7ada \u00e0s 14h54, quando o diretor Alex Machado Campos\u00a0tornou-se o terceiro a votar favoravelmente \u00e0 imuniza\u00e7\u00e3o em car\u00e1ter\u00a0emergencial com as duas vacinas.<br><br>No in\u00edcio da tarde, as tr\u00eas \u00e1reas t\u00e9cnicas da Anvisa haviam recomendado a aprova\u00e7\u00e3o do uso emergencial. As ger\u00eancias de Medicamentos, de Monitoramento de Produtos e de Inspe\u00e7\u00e3o e Fiscaliza\u00e7\u00e3o Sanit\u00e1ria deram parecer favor\u00e1vel. A recomenda\u00e7\u00e3o, no entanto, precisava ser submetida \u00e0 diretoria do \u00f3rg\u00e3o.<br><br>A primeira diretora a ler o voto foi a relatora do caso, Meiruze Freitas. Ela aprovou o uso emergencial, mas fez ressalvas. Disse esperar que o Instituto Butantan responda, at\u00e9 o fim\u00a0de fevereiro, sobre os resultados sobre a imunogenicidade (capacidade de produ\u00e7\u00e3o de anticorpos) da CoronaVac, produzida pelo Butantan em parceria com o laborat\u00f3rio chin\u00eas Sinovac.<br><br>A relatora destacou n\u00e3o haver alternativa terap\u00eautica \u00e0s vacinas. A diretora disse\u00a0ter\u00a0tomado a decis\u00e3o com aval da ci\u00eancia e ap\u00f3s trabalho \u00e1rduo dos t\u00e9cnicos da Anvisa nos \u00faltimos dias. \u201cGuiada pela ci\u00eancia e pelos dados, a equipe concluiu que os benef\u00edcios conhecidos e potenciais dessas vacinas superam seus riscos. Os servidores [da Anvisa] v\u00eam trabalhando com dedica\u00e7\u00e3o integral e senso de urg\u00eancia\u201d, disse Meiruze ao ler o voto.<br><br>O segundo voto foi dado pelo diretor Romilson Mota, que acompanhou a relatora. De acordo com ele, o grave cen\u00e1rio da pandemia de covid-19 e o \u201cindicativo de colapso\u201d na rede de sa\u00fade justificam a aprova\u00e7\u00e3o.<br><br>Terceiro a votar, Alex Machado Campos acompanhou os demais diretores. Ele foi seguido pela diretora Cristiane Jourdan Gomes e pelo diretor-presidente da Anvisa, Antonio Barra Torres. A vota\u00e7\u00e3o foi conclu\u00edda por volta das 15h20.<br><br>Ap\u00f3s a reuni\u00e3o, a decis\u00e3o ser\u00e1 publicada na p\u00e1gina da Anvisa na internet, no extrato de delibera\u00e7\u00f5es da diretoria. Existe a possibilidade de o\u00a0<em>Di\u00e1rio Oficial da Uni\u00e3o<\/em>\u00a0publicar uma edi\u00e7\u00e3o extra com o resultado da vota\u00e7\u00e3o.<br><br>O uso emergencial pode ser liberado ap\u00f3s a publica\u00e7\u00e3o oficial e assim que houver comunica\u00e7\u00e3o formal aos laborat\u00f3rios. No caso da CoronaVac, a relatora do caso pediu a assinatura de um termo de compromisso, que tamb\u00e9m precisa ser publicado em\u00a0<em>Di\u00e1rio Oficial.<\/em><img decoding=\"async\" src=\"https:\/\/agenciabrasil.ebc.com.br\/ebc.png?id=1398899&amp;o=node\"><img decoding=\"async\" src=\"https:\/\/agenciabrasil.ebc.com.br\/ebc.gif?id=1398899&amp;o=node\"><\/p>\n\n\n\n<p>Por Wellton M\u00e1ximo &#8211; Rep\u00f3rter da Ag\u00eancia Brasil &#8211; Bras\u00edlia<\/p>\n\n\n\n<p>Edi\u00e7\u00e3o: Gra\u00e7a Adjuto<\/p>\n","protected":false},"excerpt":{"rendered":"<p>Por unanimidade, os cinco diretores da Ag\u00eancia Nacional de Vigil\u00e2ncia Sanit\u00e1ria (Anvisa) aprovaram o uso<\/p>\n","protected":false},"author":2,"featured_media":9687,"comment_status":"open","ping_status":"open","sticky":false,"template":"","format":"standard","meta":{"footnotes":""},"categories":[17],"tags":[],"class_list":["post-9686","post","type-post","status-publish","format-standard","has-post-thumbnail","hentry","category-outras-noticias"],"_links":{"self":[{"href":"https:\/\/tvc16.com\/portal\/wp-json\/wp\/v2\/posts\/9686","targetHints":{"allow":["GET"]}}],"collection":[{"href":"https:\/\/tvc16.com\/portal\/wp-json\/wp\/v2\/posts"}],"about":[{"href":"https:\/\/tvc16.com\/portal\/wp-json\/wp\/v2\/types\/post"}],"author":[{"embeddable":true,"href":"https:\/\/tvc16.com\/portal\/wp-json\/wp\/v2\/users\/2"}],"replies":[{"embeddable":true,"href":"https:\/\/tvc16.com\/portal\/wp-json\/wp\/v2\/comments?post=9686"}],"version-history":[{"count":1,"href":"https:\/\/tvc16.com\/portal\/wp-json\/wp\/v2\/posts\/9686\/revisions"}],"predecessor-version":[{"id":9688,"href":"https:\/\/tvc16.com\/portal\/wp-json\/wp\/v2\/posts\/9686\/revisions\/9688"}],"wp:featuredmedia":[{"embeddable":true,"href":"https:\/\/tvc16.com\/portal\/wp-json\/wp\/v2\/media\/9687"}],"wp:attachment":[{"href":"https:\/\/tvc16.com\/portal\/wp-json\/wp\/v2\/media?parent=9686"}],"wp:term":[{"taxonomy":"category","embeddable":true,"href":"https:\/\/tvc16.com\/portal\/wp-json\/wp\/v2\/categories?post=9686"},{"taxonomy":"post_tag","embeddable":true,"href":"https:\/\/tvc16.com\/portal\/wp-json\/wp\/v2\/tags?post=9686"}],"curies":[{"name":"wp","href":"https:\/\/api.w.org\/{rel}","templated":true}]}}