{"id":96861,"date":"2025-01-06T09:21:29","date_gmt":"2025-01-06T12:21:29","guid":{"rendered":"https:\/\/tvc16.com\/portal\/?p=96861"},"modified":"2025-01-06T09:21:32","modified_gmt":"2025-01-06T12:21:32","slug":"cnu-pericia-medica-de-candidatos-com-deficiencia-comeca-nesta-segunda","status":"publish","type":"post","link":"https:\/\/tvc16.com\/portal\/2025\/01\/06\/cnu-pericia-medica-de-candidatos-com-deficiencia-comeca-nesta-segunda\/","title":{"rendered":"CNU: per\u00edcia m\u00e9dica de candidatos com defici\u00eancia come\u00e7a nesta segunda"},"content":{"rendered":"\n<p><em>Resultado final do concurso deve sair em 11 de fevereiro<\/em><\/p>\n\n\n\n<p>Por Daniella Almeida &#8211; Rep\u00f3rter da Ag\u00eancia Brasil \/ Foto: Arte: EBC<\/p>\n\n\n\n<p><\/p>\n\n\n\n<p>O prazo para per\u00edcia m\u00e9dica (avalia\u00e7\u00e3o biopsicossocial) da condi\u00e7\u00e3o dos candidatos do Concurso P\u00fablico Nacional Unificado (CPNU), que se declararam com defici\u00eancia, come\u00e7a nesta segunda-feira (6) e vai at\u00e9 sexta-feira (10).<img decoding=\"async\" src=\"https:\/\/agenciabrasil.ebc.com.br\/ebc.png?id=1625867&amp;o=node\"><img decoding=\"async\" src=\"https:\/\/agenciabrasil.ebc.com.br\/ebc.gif?id=1625867&amp;o=node\"><\/p>\n\n\n\n<p>Inicialmente, esses&nbsp;candidatos tiveram a inscri\u00e7\u00e3o deferida para concorrer \u00e0s vagas reservadas \u00e0s pessoas com defici\u00eancia e, ainda, foram aprovados na prova discursiva, realizada em 18 de agosto passado.<\/p>\n\n\n\n<p>A avalia\u00e7\u00e3o dos documentos enviados, no ato de inscri\u00e7\u00e3o no certame, pelos candidatos autodeclarados com defici\u00eancia ser\u00e1 realizada por equipe multiprofissional, designada pela Funda\u00e7\u00e3o Cesgranrio, conforme Decreto n\u00ba 9.508\/2018. A&nbsp;legisla\u00e7\u00e3o reserva \u00e0s pessoas com defici\u00eancia percentual de cargos e de empregos p\u00fablicos oferecidos em concursos p\u00fablicos.<\/p>\n\n\n\n<p>A equipe multiprofissional ir\u00e1 avaliar os candidatos pela documenta\u00e7\u00e3o m\u00e9dica (atestado ou laudo ou relat\u00f3rio) enviada, por&nbsp;<em>upload<\/em>, no ato da inscri\u00e7\u00e3o que ateste a esp\u00e9cie e o grau ou o n\u00edvel de defici\u00eancia (se conhecida), bem como a prov\u00e1vel causa da defici\u00eancia.<\/p>\n\n\n\n<p>A comiss\u00e3o dever\u00e1 ent\u00e3o chegar a uma conclus\u00e3o sobre o enquadramento ou n\u00e3o da defici\u00eancia do candidato.<\/p>\n\n\n\n<h2 class=\"wp-block-heading\">Recursos<\/h2>\n\n\n\n<p>A divulga\u00e7\u00e3o dos resultados preliminares da avalia\u00e7\u00e3o biopsicossocial das pessoas que se declararem com defici\u00eancia est\u00e1 prevista para 17 de janeiro.<\/p>\n\n\n\n<p>Nos dias 17 e 18 de janeiro, os candidatos que discordarem do resultado preliminar poder\u00e3o interpor eventuais recursos no endere\u00e7o eletr\u00f4nico do chamado&nbsp;Enem dos Concursos.<\/p>\n\n\n\n<p>O candidato que tiver negativa da condi\u00e7\u00e3o de sua defici\u00eancia durante a avalia\u00e7\u00e3o biopsicossocial ap\u00f3s o recurso, se houver, perder\u00e1 o direito de concorrer \u00e0s vagas reservadas \u00e0s pessoas com defici\u00eancia, conforme previsto nos&nbsp;<a href=\"https:\/\/www.gov.br\/gestao\/pt-br\/concursonacional\/editais\" target=\"_blank\" rel=\"noreferrer noopener\">editais dos oito blocos tem\u00e1ticos<\/a>&nbsp;do Concurso P\u00fablico Nacional Unificado (CPNU).&nbsp;<\/p>\n\n\n\n<p>O Minist\u00e9rio da Gest\u00e3o e da Inova\u00e7\u00e3o em Servi\u00e7os P\u00fablicos&nbsp;prev\u00ea que a&nbsp;<a href=\"https:\/\/agenciabrasil.ebc.com.br\/geral\/noticia\/2024-11\/resultado-final-do-cnu-sera-divulgado-em-11-de-fevereiro\" target=\"_blank\" rel=\"noreferrer noopener\">divulga\u00e7\u00e3o do resultado final<\/a>&nbsp;do CNU ocorrer\u00e1 em 11 de fevereiro.&nbsp;<br><\/p>\n","protected":false},"excerpt":{"rendered":"<p>Resultado final do concurso deve sair em 11 de fevereiro Por Daniella Almeida &#8211; Rep\u00f3rter<\/p>\n","protected":false},"author":2,"featured_media":96862,"comment_status":"open","ping_status":"open","sticky":false,"template":"","format":"standard","meta":{"footnotes":""},"categories":[17],"tags":[],"class_list":["post-96861","post","type-post","status-publish","format-standard","has-post-thumbnail","hentry","category-outras-noticias"],"_links":{"self":[{"href":"https:\/\/tvc16.com\/portal\/wp-json\/wp\/v2\/posts\/96861","targetHints":{"allow":["GET"]}}],"collection":[{"href":"https:\/\/tvc16.com\/portal\/wp-json\/wp\/v2\/posts"}],"about":[{"href":"https:\/\/tvc16.com\/portal\/wp-json\/wp\/v2\/types\/post"}],"author":[{"embeddable":true,"href":"https:\/\/tvc16.com\/portal\/wp-json\/wp\/v2\/users\/2"}],"replies":[{"embeddable":true,"href":"https:\/\/tvc16.com\/portal\/wp-json\/wp\/v2\/comments?post=96861"}],"version-history":[{"count":1,"href":"https:\/\/tvc16.com\/portal\/wp-json\/wp\/v2\/posts\/96861\/revisions"}],"predecessor-version":[{"id":96863,"href":"https:\/\/tvc16.com\/portal\/wp-json\/wp\/v2\/posts\/96861\/revisions\/96863"}],"wp:featuredmedia":[{"embeddable":true,"href":"https:\/\/tvc16.com\/portal\/wp-json\/wp\/v2\/media\/96862"}],"wp:attachment":[{"href":"https:\/\/tvc16.com\/portal\/wp-json\/wp\/v2\/media?parent=96861"}],"wp:term":[{"taxonomy":"category","embeddable":true,"href":"https:\/\/tvc16.com\/portal\/wp-json\/wp\/v2\/categories?post=96861"},{"taxonomy":"post_tag","embeddable":true,"href":"https:\/\/tvc16.com\/portal\/wp-json\/wp\/v2\/tags?post=96861"}],"curies":[{"name":"wp","href":"https:\/\/api.w.org\/{rel}","templated":true}]}}