{"id":96864,"date":"2025-01-06T09:24:17","date_gmt":"2025-01-06T12:24:17","guid":{"rendered":"https:\/\/tvc16.com\/portal\/?p=96864"},"modified":"2025-01-06T09:24:20","modified_gmt":"2025-01-06T12:24:20","slug":"abertura-nao-oficial-do-carnaval-reune-folioes-no-rio-de-janeiro","status":"publish","type":"post","link":"https:\/\/tvc16.com\/portal\/2025\/01\/06\/abertura-nao-oficial-do-carnaval-reune-folioes-no-rio-de-janeiro\/","title":{"rendered":"Abertura n\u00e3o oficial do carnaval re\u00fane foli\u00f5es no Rio de Janeiro"},"content":{"rendered":"\n<p><em>Festa tem a participa\u00e7\u00e3o de cerca de 30 blocos<\/em><\/p>\n\n\n\n<p>Por T\u00e2mara Freire &#8211; Rep\u00f3rter da Ag\u00eancia Brasil \/ Foto: Tomaz Silva\/Ag\u00eancia Brasil<br><\/p>\n\n\n\n<p>Em cada esquina, um bloco: esse \u00e9 o esp\u00edrito da abertura n\u00e3o oficial do carnaval do Rio de Janeiro, que re\u00fane milhares de foli\u00f5es, do Aterro do Flamengo \u00e0 regi\u00e3o da Pra\u00e7a XV, no centro. S\u00e3o cerca de 30 blocos, e a maioria prefere desfilar de forma n\u00e3o oficial, ou seja, sem participar do processo de cadastramento da prefeitura.<img decoding=\"async\" src=\"https:\/\/agenciabrasil.ebc.com.br\/ebc.png?id=1625853&amp;o=node\"><img decoding=\"async\" src=\"https:\/\/agenciabrasil.ebc.com.br\/ebc.gif?id=1625853&amp;o=node\"><\/p>\n\n\n\n<p>O m\u00fasico Guto Souza, que toca tuba em blocos h\u00e1 mais de dez anos, explica o porqu\u00ea: &#8220;\u00c9 um encontro de amigos e de m\u00fasicos que est\u00e3o tocando de forma informal, sem ser um trabalho. A gente sempre tenta fugir da multid\u00e3o.&#8221;<\/p>\n\n\n<div class=\"wp-block-image\">\n<figure class=\"alignright is-resized\"><img decoding=\"async\" src=\"https:\/\/imagens.ebc.com.br\/9L7iqHsIkuqTrxWlVieZX40YmZU=\/754x0\/smart\/https:\/\/agenciabrasil.ebc.com.br\/sites\/default\/files\/thumbnails\/image\/2025\/01\/05\/toms1202.jpg?itok=ZNFDRsHa\" alt=\"Rio de Janeiro (RJ), 05\/01\/2025 \u2013 Os tocadores de tuba, Alexandre da Albergaria, Diojaime Viana e Guto Souza, no centro do Rio de Janeiro. Foto: Tomaz Silva\/Ag\u00eancia Brasil\" style=\"width:541px;height:auto\" title=\"Tomaz Silva\/Ag\u00eancia Brasil\"\/><\/figure>\n<\/div>\n\n\n<h6 class=\"wp-block-heading\">Os tocadores de tuba&nbsp;Alexandre da Albergaria, Diojaime Viana e Guto Souza, na abertura n\u00e3o oficial do carnaval do Rio&nbsp;&#8211;&nbsp;<strong>Tomaz Silva\/Ag\u00eancia Brasil<\/strong><\/h6>\n\n\n\n<p>Neste domingo, por exemplo, ao chegar \u00e0&nbsp;Pra\u00e7a XV, Guto encontrou dois amigos, que tamb\u00e9m tocam tuba, e estavam aguardando a hora de se apresentar. O tamanho do instrumento impressiona, mas Diojaime Viana diz que n\u00e3o consegue largar: &#8220;A gente n\u00e3o tem ju\u00edzo, \u00e9 um instrumento que pesa 14 quilos, mas se o bloco tem uma tuba \u00e9 porque a banda \u00e9 boa. Se algu\u00e9m saiu de casa com um instrumento desse, pra tocar na rua, significa que ele n\u00e3o est\u00e1 ali s\u00f3 passeando. Ele quer se encontrar com os amigos e ter momentos bem divertidos.&#8221;<\/p>\n\n\n\n<p>Outra presen\u00e7a&nbsp;j\u00e1 tornou tradicional nos blocos cariocas s\u00e3o as pernaltas: foli\u00e3s que desfilam com pernas de pau, como Cintia Caroline. Ela se encantou pela pr\u00e1tica assistindo a outras pernaltas em um bloco e, h\u00e1 cinco anos, resolveu aprender para tamb\u00e9m curtir a folia do alto. &#8220;\u00c9 encantador aos olhos e \u00e9 de uma pot\u00eancia muito grande. Tem toda essa carga que a gente traz enquanto mulher, muitas vezes oprimidas em determinadas situa\u00e7\u00f5es mas, em cima da perna de pau, livres e felizes e mostrando toda a sua pot\u00eancia. Foi o que me fez querer estar nesse lugar tamb\u00e9m.&#8221;<\/p>\n\n\n<div class=\"wp-block-image\">\n<figure class=\"alignleft is-resized\"><img decoding=\"async\" src=\"https:\/\/imagens.ebc.com.br\/PBWA3CFQqXh6Ey9PWHcWfd7osiw=\/754x0\/smart\/https:\/\/agenciabrasil.ebc.com.br\/sites\/default\/files\/thumbnails\/image\/2025\/01\/05\/toms0920.jpg?itok=RxDbByHO\" alt=\"Rio de Janeiro (RJ), 05\/01\/2025 \u2013 Cortejo do bloco Mulheres Rodadas, no centro do Rio de Janeiro. Foto: Tomaz Silva\/Ag\u00eancia Brasil\" style=\"width:559px;height:auto\" title=\"Tomaz Silva\/Ag\u00eancia Brasil\"\/><\/figure>\n<\/div>\n\n\n<h6 class=\"wp-block-heading\">Cortejo do bloco Mulheres Rodadas, no centro do Rio de Janeiro-&nbsp;<strong>Tomaz Silva\/Ag\u00eancia Brasil<\/strong><\/h6>\n\n\n\n<p>E o encanto foi t\u00e3o grande que hoje ela tamb\u00e9m desfila como pernalta em blocos de Belo Horizonte, onde mora: &#8220;Eu sempre fa\u00e7o esse in\u00edcio de carnaval no Rio, despois eu vou pra BH, e passo todo meu carnaval oficial l\u00e1, e no p\u00f3s eu volto pro Rio&#8221;, explicou&nbsp;Cinthia.<\/p>\n\n\n\n<p>E esse carnaval prolongado do Rio de Janeiro \u00e9 comemorado tamb\u00e9m pelos trabalhadores da folia, como Jaqueline dos Santos Ferreira, que vende&nbsp;<em>drinks<\/em>&nbsp;em festas de rua h\u00e1 cinco anos. Cada cortejo deixa a ambulante um pouquinho mais perto dos seus grandes sonhos: &#8220;Comprar minha casa e garantir que meus filhos fa\u00e7am faculdade. Esse \u00e9 o meu projeto. Eu trabalho de quinta a domingo, e acho que esse ano vai ser muito bom de vendas&#8221;, torce Jaqueline.<\/p>\n\n\n<div class=\"wp-block-image\">\n<figure class=\"alignleft is-resized\"><img decoding=\"async\" src=\"https:\/\/imagens.ebc.com.br\/1xU1SoppBNsodSpdaie3cE06u7s=\/754x0\/smart\/https:\/\/agenciabrasil.ebc.com.br\/sites\/default\/files\/thumbnails\/image\/2025\/01\/05\/toms1103.jpg?itok=QmX24_nE\" alt=\"Rio de Janeiro (RJ), 05\/01\/2025 \u2013 A vendedora ambulante, Jaqueline dos Santos Pereira com sua barraca na Rua do Mercado, no centro do Rio de Janeiro. Foto: Tomaz Silva\/Ag\u00eancia Brasil\" style=\"width:568px;height:auto\" title=\"Tomaz Silva\/Ag\u00eancia Brasil\"\/><\/figure>\n<\/div>\n\n\n<h6 class=\"wp-block-heading\">A vendedora ambulante&nbsp;Jaqueline dos Santos Pereira com sua barraca de&nbsp;<em>drinks&nbsp;<\/em>na Rua do Mercado, no centro do Rio&nbsp;&#8211;&nbsp;<strong>Tomaz Silva\/Ag\u00eancia Brasil<\/strong><\/h6>\n\n\n\n<p><\/p>\n","protected":false},"excerpt":{"rendered":"<p>Festa tem a participa\u00e7\u00e3o de cerca de 30 blocos Por T\u00e2mara Freire &#8211; Rep\u00f3rter da<\/p>\n","protected":false},"author":2,"featured_media":96865,"comment_status":"open","ping_status":"open","sticky":false,"template":"","format":"standard","meta":{"footnotes":""},"categories":[17],"tags":[],"class_list":["post-96864","post","type-post","status-publish","format-standard","has-post-thumbnail","hentry","category-outras-noticias"],"_links":{"self":[{"href":"https:\/\/tvc16.com\/portal\/wp-json\/wp\/v2\/posts\/96864","targetHints":{"allow":["GET"]}}],"collection":[{"href":"https:\/\/tvc16.com\/portal\/wp-json\/wp\/v2\/posts"}],"about":[{"href":"https:\/\/tvc16.com\/portal\/wp-json\/wp\/v2\/types\/post"}],"author":[{"embeddable":true,"href":"https:\/\/tvc16.com\/portal\/wp-json\/wp\/v2\/users\/2"}],"replies":[{"embeddable":true,"href":"https:\/\/tvc16.com\/portal\/wp-json\/wp\/v2\/comments?post=96864"}],"version-history":[{"count":1,"href":"https:\/\/tvc16.com\/portal\/wp-json\/wp\/v2\/posts\/96864\/revisions"}],"predecessor-version":[{"id":96866,"href":"https:\/\/tvc16.com\/portal\/wp-json\/wp\/v2\/posts\/96864\/revisions\/96866"}],"wp:featuredmedia":[{"embeddable":true,"href":"https:\/\/tvc16.com\/portal\/wp-json\/wp\/v2\/media\/96865"}],"wp:attachment":[{"href":"https:\/\/tvc16.com\/portal\/wp-json\/wp\/v2\/media?parent=96864"}],"wp:term":[{"taxonomy":"category","embeddable":true,"href":"https:\/\/tvc16.com\/portal\/wp-json\/wp\/v2\/categories?post=96864"},{"taxonomy":"post_tag","embeddable":true,"href":"https:\/\/tvc16.com\/portal\/wp-json\/wp\/v2\/tags?post=96864"}],"curies":[{"name":"wp","href":"https:\/\/api.w.org\/{rel}","templated":true}]}}