{"id":96870,"date":"2025-01-06T09:37:50","date_gmt":"2025-01-06T12:37:50","guid":{"rendered":"https:\/\/tvc16.com\/portal\/?p=96870"},"modified":"2025-01-06T09:38:02","modified_gmt":"2025-01-06T12:38:02","slug":"maquinarios-do-governo-do-estado-garantem-mais-rapidez-na-recuperacao-de-municipios-atingidos-pelas-chuvas","status":"publish","type":"post","link":"https:\/\/tvc16.com\/portal\/2025\/01\/06\/maquinarios-do-governo-do-estado-garantem-mais-rapidez-na-recuperacao-de-municipios-atingidos-pelas-chuvas\/","title":{"rendered":"Maquin\u00e1rios do Governo do Estado garantem mais rapidez na recupera\u00e7\u00e3o de munic\u00edpios atingidos pelas chuvas"},"content":{"rendered":"\n<p><em>Frentes de trabalho acontecem nos munic\u00edpios de Cordeiro, S\u00e3o Jo\u00e3o de Meriti e Belford Roxo. Equipamentos enviados \u00e0s regi\u00f5es Serrana e Noroeste tamb\u00e9m auxiliam na limpeza de vias<\/em><\/p>\n\n\n\n<p>Aten\u00e7\u00e3o total e trabalho intensificado para ajudar na recupera\u00e7\u00e3o de cidades mais afetadas pelas chuvas. Neste domingo (05\/01), equipes e maquin\u00e1rios do Governo do Estado do Rio de Janeiro est\u00e3o mobilizados e atuando na limpeza e reconstru\u00e7\u00e3o de vias em locais atingidos pelos temporais. Frentes de trabalho acontecem nos munic\u00edpios de Cordeiro, na regi\u00e3o Serrana, e nas cidades de S\u00e3o Jo\u00e3o de Meriti e Belford Roxo, na Baixada Fluminense. J\u00e1 em Teres\u00f3polis, um mutir\u00e3o come\u00e7ar\u00e1 nesta segunda-feira (06\/01).<\/p>\n\n\n\n<p>&nbsp;&#8211; Neste momento estamos concentrando nossos esfor\u00e7os para minimizar os impactos causados e, para isso, nossas equipes est\u00e3o trabalhando incansavelmente, em ritmo acelerado. Nosso maquin\u00e1rio j\u00e1 est\u00e1 nas cidades, atuando na limpeza das ruas e libera\u00e7\u00e3o de vias, para que a vida das pessoas possam voltar \u00e0 normalidade o mais r\u00e1pido poss\u00edvel &#8211; declarou o governador Cl\u00e1udio Castro.&nbsp;<\/p>\n\n\n\n<p>&nbsp;Em Meriti e Belford Roxo, h\u00e1 uma mobiliza\u00e7\u00e3o com retroescavadeiras e 20 caminh\u00f5es. J\u00e1 em Cordeiro, as equipes atuam com o aux\u00edlio de caminh\u00e3o, vacool e retroescavadeira.&nbsp;<\/p>\n\n\n\n<p>&nbsp;T\u00e9cnicos do Governo do Estado do Rio tamb\u00e9m seguem trabalhando na regi\u00e3o Noroeste. Em Itaocara, as equipes atuaram em dois deslizamentos de terra, nos distrito de Portela e em Itaperuna. N\u00e3o houve v\u00edtimas. Na RJ-146, em Trajano de Moraes, equipes ajudaram na limpeza da via, ap\u00f3s uma queda de encosta, para libera\u00e7\u00e3o do tr\u00e1fego.<\/p>\n\n\n\n<p>&nbsp;Na noite deste s\u00e1bado (04\/01), t\u00e9cnicos do DER-RJ trabalharam na RJ-152, rodovia que liga Cantagalo e Euclidel\u00e2ndia, em raz\u00e3o de uma queda de barreira. Agentes foram mobilizados para garantir a seguran\u00e7a e a reabertura da via.&nbsp;<\/p>\n\n\n\n<p><strong>Monitoramento em tempo real e vistoria<\/strong><\/p>\n\n\n\n<p>&nbsp;Equipes da Defesa Civil estiveram, neste domingo (5\/01), na Regi\u00e3o Noroeste do estado para avaliar o cen\u00e1rio nos munic\u00edpios de Santo Ant\u00f4nio de P\u00e1dua e Aperib\u00e9, ap\u00f3s as fortes chuvas que atingiram os munic\u00edpios nas \u00faltimas 48 horas.&nbsp;<\/p>\n\n\n\n<p>&nbsp;O Centro Estadual de Monitoramento e Alerta de Desastres Naturais (CEMADEN-RJ) acompanha, 24 horas por dia, as condi\u00e7\u00f5es meteorol\u00f3gicas e os n\u00edveis pluviom\u00e9tricos no territ\u00f3rio fluminense, enviando alertas para os munic\u00edpios quando necess\u00e1rio.&nbsp;<\/p>\n\n\n\n<p>&nbsp;Os Bombeiros RJ est\u00e3o em alerta, mobilizados para o atendimento a poss\u00edveis emerg\u00eancias. As equipes contam com apoio de viaturas de salvamento e resgate, ambul\u00e2ncias, embarca\u00e7\u00f5es, drones e aeronaves.<\/p>\n\n\n\n<p>&nbsp;Dezenas de frentes de trabalho do Limpa Rio, espalhadas por todo o estado, est\u00e3o a postos para atuar emergencialmente na mitiga\u00e7\u00e3o de danos causados pelas fortes chuvas, caso seja necess\u00e1rio.&nbsp;<\/p>\n\n\n\n<p><strong>Previs\u00e3o<\/strong><\/p>\n\n\n\n<p>&nbsp;Segundo a Defesa Civil, h\u00e1 risco hidrol\u00f3gico muito alto para Saquarema, Aperib\u00e9, Santo Ant\u00f4nio de P\u00e1dua, S\u00e3o Fid\u00e9lis, Cambuci, Itaocara e Campos dos Goytacazes. Al\u00e9m de risco alto para Araruama, Laje do Muria\u00e9, Itaperuna, Bom Jesus do Itabapoana, Maca\u00e9, Trajano de Moraes, S\u00e3o Francisco de Itabapoana.&nbsp;<\/p>\n\n\n\n<p>&nbsp;Quanto ao risco geol\u00f3gico, o boletim divulgado informa que est\u00e1 alto para Saquarema e moderado a muito baixo para o restante do estado.<\/p>\n","protected":false},"excerpt":{"rendered":"<p>Frentes de trabalho acontecem nos munic\u00edpios de Cordeiro, S\u00e3o Jo\u00e3o de Meriti e Belford Roxo.<\/p>\n","protected":false},"author":2,"featured_media":96871,"comment_status":"open","ping_status":"open","sticky":false,"template":"","format":"standard","meta":{"footnotes":""},"categories":[17],"tags":[],"class_list":["post-96870","post","type-post","status-publish","format-standard","has-post-thumbnail","hentry","category-outras-noticias"],"_links":{"self":[{"href":"https:\/\/tvc16.com\/portal\/wp-json\/wp\/v2\/posts\/96870","targetHints":{"allow":["GET"]}}],"collection":[{"href":"https:\/\/tvc16.com\/portal\/wp-json\/wp\/v2\/posts"}],"about":[{"href":"https:\/\/tvc16.com\/portal\/wp-json\/wp\/v2\/types\/post"}],"author":[{"embeddable":true,"href":"https:\/\/tvc16.com\/portal\/wp-json\/wp\/v2\/users\/2"}],"replies":[{"embeddable":true,"href":"https:\/\/tvc16.com\/portal\/wp-json\/wp\/v2\/comments?post=96870"}],"version-history":[{"count":1,"href":"https:\/\/tvc16.com\/portal\/wp-json\/wp\/v2\/posts\/96870\/revisions"}],"predecessor-version":[{"id":96872,"href":"https:\/\/tvc16.com\/portal\/wp-json\/wp\/v2\/posts\/96870\/revisions\/96872"}],"wp:featuredmedia":[{"embeddable":true,"href":"https:\/\/tvc16.com\/portal\/wp-json\/wp\/v2\/media\/96871"}],"wp:attachment":[{"href":"https:\/\/tvc16.com\/portal\/wp-json\/wp\/v2\/media?parent=96870"}],"wp:term":[{"taxonomy":"category","embeddable":true,"href":"https:\/\/tvc16.com\/portal\/wp-json\/wp\/v2\/categories?post=96870"},{"taxonomy":"post_tag","embeddable":true,"href":"https:\/\/tvc16.com\/portal\/wp-json\/wp\/v2\/tags?post=96870"}],"curies":[{"name":"wp","href":"https:\/\/api.w.org\/{rel}","templated":true}]}}