{"id":96888,"date":"2025-01-07T05:00:00","date_gmt":"2025-01-07T08:00:00","guid":{"rendered":"https:\/\/tvc16.com\/portal\/?p=96888"},"modified":"2025-01-06T15:17:31","modified_gmt":"2025-01-06T18:17:31","slug":"mudancas-na-previdencia-para-2025-trazem-novos-desafios-para-segurados","status":"publish","type":"post","link":"https:\/\/tvc16.com\/portal\/2025\/01\/07\/mudancas-na-previdencia-para-2025-trazem-novos-desafios-para-segurados\/","title":{"rendered":"Mudan\u00e7as na Previd\u00eancia para 2025 trazem novos desafios para segurados"},"content":{"rendered":"\n<p>A partir de 2025, as regras de transi\u00e7\u00e3o da Reforma da Previd\u00eancia de 2019 (Emenda Constitucional n\u00ba 103\/2019) trar\u00e3o novos desafios para os segurados que ainda n\u00e3o preencheram os requisitos para a aposentadoria. Com ajustes progressivos, especialmente na idade m\u00ednima e na pontua\u00e7\u00e3o exigida, as mudan\u00e7as exigem aten\u00e7\u00e3o e planejamento. Segundo Mayara Vasconcellos, advogada da Lima Vasconcellos Advogados e especialista em Direito Previdenci\u00e1rio, as regras de transi\u00e7\u00e3o foram criadas para suavizar o impacto para quem j\u00e1 estava pr\u00f3ximo de se aposentar antes da reforma. Contudo, as altera\u00e7\u00f5es cont\u00ednuas, como o aumento da idade m\u00ednima e das pontua\u00e7\u00f5es exigidas, podem representar obst\u00e1culos significativos para diversos perfis de trabalhadores.<\/p>\n\n\n\n<p>Em 2025, o sistema de pontos, que combina a soma da idade com o tempo de contribui\u00e7\u00e3o, exigir\u00e1 92 pontos para mulheres e 102 para homens, mantendo o tempo de contribui\u00e7\u00e3o m\u00ednimo de 30 anos para mulheres e 35 para homens. J\u00e1 na regra de idade progressiva, o requisito de idade m\u00ednima subir\u00e1 para 59 anos no caso das mulheres e 64 anos para os homens, com os mesmos tempos m\u00ednimos de contribui\u00e7\u00e3o. Embora essas regras avancem ano a ano, Mayara explica que as op\u00e7\u00f5es de ped\u00e1gio de 50% e 100%, criadas para quem estava mais pr\u00f3ximo de completar os requisitos antes de 2019, n\u00e3o sofreram mudan\u00e7as, pois j\u00e1 est\u00e3o definidas desde a promulga\u00e7\u00e3o da reforma.<\/p>\n\n\n\n<p>A especialista destaca que os impactos s\u00e3o mais expressivos para trabalhadores que, no modelo antigo, poderiam se aposentar exclusivamente pelo tempo de contribui\u00e7\u00e3o, sem idade m\u00ednima. Agora, al\u00e9m de cumprir novos requisitos, muitos ter\u00e3o que permanecer mais tempo no mercado de trabalho. Isso afeta diretamente seus planos de renda e qualidade de vida, exigindo planejamento financeiro e previdenci\u00e1rio. Entre os mais afetados est\u00e3o trabalhadores que come\u00e7aram a contribuir muito cedo e j\u00e1 acumularam mais de 30 ou 35 anos de contribui\u00e7\u00e3o, mas que n\u00e3o atingiram a idade m\u00ednima progressiva. Mulheres pr\u00f3ximas da aposentadoria por idade em 2019 tamb\u00e9m podem enfrentar dificuldades, j\u00e1 que a idade m\u00ednima est\u00e1 subindo gradativamente para 62 anos.<\/p>\n\n\n\n<p>A complexidade das regras de transi\u00e7\u00e3o tamb\u00e9m exige cuidado na escolha da op\u00e7\u00e3o mais vantajosa, considerando as diversas modalidades dispon\u00edveis. Mayara explica que um diagn\u00f3stico previdenci\u00e1rio detalhado \u00e9 fundamental para evitar atrasos ou indeferimentos nos pedidos de aposentadoria. A an\u00e1lise do Cadastro Nacional de Informa\u00e7\u00f5es Sociais (CNIS) ajuda a identificar lacunas no hist\u00f3rico de contribui\u00e7\u00f5es, poss\u00edveis per\u00edodos especiais, como atividades insalubres, e inconsist\u00eancias que precisam ser corrigidas. Al\u00e9m disso, \u00e9 importante preparar documentos comprobat\u00f3rios, como o Perfil Profissiogr\u00e1fico Previdenci\u00e1rio (PPP), certid\u00f5es de tempo de contribui\u00e7\u00e3o e comprovantes de trabalho rural, se for o caso.<\/p>\n\n\n\n<p>Outro ponto crucial \u00e9 o acompanhamento constante das mudan\u00e7as legislativas e o uso de simuladores, como o disponibilizado no portal Meu INSS, que auxiliam na previs\u00e3o do momento mais adequado para solicitar o benef\u00edcio. A formaliza\u00e7\u00e3o do pedido tamb\u00e9m deve ser feita com aten\u00e7\u00e3o a todos os detalhes, garantindo que a documenta\u00e7\u00e3o esteja completa e organizada para evitar exig\u00eancias posteriores.<\/p>\n\n\n\n<p>Mayara refor\u00e7a que o suporte de um advogado previdenci\u00e1rio ou consultor especializado pode fazer toda a diferen\u00e7a. \u201cCom as regras progressivas, o planejamento previdenci\u00e1rio se torna essencial para evitar surpresas e garantir o melhor benef\u00edcio poss\u00edvel. Entender o impacto das altera\u00e7\u00f5es e se preparar para elas \u00e9 o melhor caminho para os segurados\u201d, conclui a advogada. As mudan\u00e7as para 2025 evidenciam a necessidade de aten\u00e7\u00e3o redobrada por parte dos trabalhadores, que devem planejar estrategicamente sua aposentadoria para minimizar os impactos e assegurar um futuro tranquilo.<\/p>\n\n\n\n<p>Foto: \u00a9 Fernando Fraz\u00e3o\/Ag\u00eancia Brasil<br><\/p>\n","protected":false},"excerpt":{"rendered":"<p>A partir de 2025, as regras de transi\u00e7\u00e3o da Reforma da Previd\u00eancia de 2019 (Emenda<\/p>\n","protected":false},"author":2,"featured_media":96889,"comment_status":"open","ping_status":"open","sticky":false,"template":"","format":"standard","meta":{"footnotes":""},"categories":[12,1],"tags":[],"class_list":["post-96888","post","type-post","status-publish","format-standard","has-post-thumbnail","hentry","category-cidade","category-uncategorized"],"_links":{"self":[{"href":"https:\/\/tvc16.com\/portal\/wp-json\/wp\/v2\/posts\/96888","targetHints":{"allow":["GET"]}}],"collection":[{"href":"https:\/\/tvc16.com\/portal\/wp-json\/wp\/v2\/posts"}],"about":[{"href":"https:\/\/tvc16.com\/portal\/wp-json\/wp\/v2\/types\/post"}],"author":[{"embeddable":true,"href":"https:\/\/tvc16.com\/portal\/wp-json\/wp\/v2\/users\/2"}],"replies":[{"embeddable":true,"href":"https:\/\/tvc16.com\/portal\/wp-json\/wp\/v2\/comments?post=96888"}],"version-history":[{"count":1,"href":"https:\/\/tvc16.com\/portal\/wp-json\/wp\/v2\/posts\/96888\/revisions"}],"predecessor-version":[{"id":96890,"href":"https:\/\/tvc16.com\/portal\/wp-json\/wp\/v2\/posts\/96888\/revisions\/96890"}],"wp:featuredmedia":[{"embeddable":true,"href":"https:\/\/tvc16.com\/portal\/wp-json\/wp\/v2\/media\/96889"}],"wp:attachment":[{"href":"https:\/\/tvc16.com\/portal\/wp-json\/wp\/v2\/media?parent=96888"}],"wp:term":[{"taxonomy":"category","embeddable":true,"href":"https:\/\/tvc16.com\/portal\/wp-json\/wp\/v2\/categories?post=96888"},{"taxonomy":"post_tag","embeddable":true,"href":"https:\/\/tvc16.com\/portal\/wp-json\/wp\/v2\/tags?post=96888"}],"curies":[{"name":"wp","href":"https:\/\/api.w.org\/{rel}","templated":true}]}}