{"id":9689,"date":"2021-01-17T17:49:26","date_gmt":"2021-01-17T20:49:26","guid":{"rendered":"https:\/\/tvc16.com\/portal\/?p=9689"},"modified":"2021-01-17T17:56:10","modified_gmt":"2021-01-17T20:56:10","slug":"projeto-de-reflorestamento-vai-plantar-300-mil-mudas-em-nova-iguacu-no-estado-do-rj","status":"publish","type":"post","link":"https:\/\/tvc16.com\/portal\/2021\/01\/17\/projeto-de-reflorestamento-vai-plantar-300-mil-mudas-em-nova-iguacu-no-estado-do-rj\/","title":{"rendered":"Projeto de reflorestamento vai plantar 300 mil mudas em Nova Igua\u00e7u, no Estado do RJ"},"content":{"rendered":"\n<p>Em comemora\u00e7\u00e3o aos 188 anos de Nova Igua\u00e7u, celebrados na sexta-feira (15), a Secretaria Municipal de Meio Ambiente, Agricultura, Desenvolvimento Econ\u00f4mico e Turismo (SEMADETUR), junto \u00e0 Subsecretaria Estadual de Conserva\u00e7\u00e3o da Biodiversidade e Mudan\u00e7as do Clima, presenteou a cidade-m\u00e3e da Baixada Fluminense com o projeto Florestas do Amanh\u00e3. O an\u00fancio do conv\u00eanio entre a Prefeitura e o Governo do Estado aconteceu na manh\u00e3 deste s\u00e1bado, durante mais uma edi\u00e7\u00e3o do \u201cEles Queimam, N\u00f3s Plantamos\u201d, evento que consiste no plantio de mudas de esp\u00e9cies nativas da Mata Atl\u00e2ntica.<\/p>\n\n\n\n<p>O Florestas do Amanh\u00e3 ir\u00e1 fazer o reflorestamento de 150 hectares na APA Gericin\u00f3-Mendanha, em Tingu\u00e1 e em Morro Agudo. Para isso, 300 mil mudas ser\u00e3o doadas ao munic\u00edpio. O conv\u00eanio j\u00e1 foi assinado e a expectativa \u00e9 que o plantio comece ainda neste primeiro semestre. Para simbolizar a parceria, 60 mudas foram plantadas por volunt\u00e1rios na Serra do Vulc\u00e3o.<\/p>\n\n\n\n<p>\u201cN\u00f3s somos ricos em belezas naturais e a cada evento temos trazido mais pessoas. S\u00e3o igua\u00e7uanos que ainda n\u00e3o conheciam esta regi\u00e3o e tamb\u00e9m moradores de outros munic\u00edpios. A inten\u00e7\u00e3o, al\u00e9m de gerar a sensa\u00e7\u00e3o de pertencimento \u00e0 cidade, \u00e9 fortalecer o turismo local\u201d, disse a secret\u00e1ria da SEMADETUR, Fernanda Braga, anunciando que a pr\u00f3xima edi\u00e7\u00e3o ser\u00e1 no dia 30 de janeiro. \u201cVamos retornar aqui e plantar mais 128 mudas, totalizando 188. Esta \u00e9 uma homenagem ao anivers\u00e1rio de Nova Igua\u00e7u. A cada ano iremos plantar uma nova muda nesta que passa a ser a Floresta do Tempo\u201d, concluiu.<\/p>\n\n\n\n<p>Estudante do curso de Biologia, Adrielle Mello, 24 anos, \u00e9 moradora da cidade, mas admite n\u00e3o conhecer todas as belezas naturais. Junto \u00e0s amigas Milena e Lauane, ela participou do evento pela primeira vez e plantou uma muda de Ip\u00ea Branco.<\/p>\n\n\n\n<p>\u201cNova Igua\u00e7u tem muitos lugares que eu ainda quero explorar. Esta atividade de hoje, inclusive, me motiva a querer participar mais vezes e conhecer minha cidade. Nem sempre damos a devida import\u00e2ncia, temos que valorizar mais nosso lugar\u201d, disse Adrielle, que planeja visitar o Parque Natural Municipal.<\/p>\n","protected":false},"excerpt":{"rendered":"<p>Em comemora\u00e7\u00e3o aos 188 anos de Nova Igua\u00e7u, celebrados na sexta-feira (15), a Secretaria Municipal<\/p>\n","protected":false},"author":2,"featured_media":9695,"comment_status":"open","ping_status":"open","sticky":false,"template":"","format":"standard","meta":{"footnotes":""},"categories":[17],"tags":[],"class_list":["post-9689","post","type-post","status-publish","format-standard","has-post-thumbnail","hentry","category-outras-noticias"],"_links":{"self":[{"href":"https:\/\/tvc16.com\/portal\/wp-json\/wp\/v2\/posts\/9689","targetHints":{"allow":["GET"]}}],"collection":[{"href":"https:\/\/tvc16.com\/portal\/wp-json\/wp\/v2\/posts"}],"about":[{"href":"https:\/\/tvc16.com\/portal\/wp-json\/wp\/v2\/types\/post"}],"author":[{"embeddable":true,"href":"https:\/\/tvc16.com\/portal\/wp-json\/wp\/v2\/users\/2"}],"replies":[{"embeddable":true,"href":"https:\/\/tvc16.com\/portal\/wp-json\/wp\/v2\/comments?post=9689"}],"version-history":[{"count":1,"href":"https:\/\/tvc16.com\/portal\/wp-json\/wp\/v2\/posts\/9689\/revisions"}],"predecessor-version":[{"id":9694,"href":"https:\/\/tvc16.com\/portal\/wp-json\/wp\/v2\/posts\/9689\/revisions\/9694"}],"wp:featuredmedia":[{"embeddable":true,"href":"https:\/\/tvc16.com\/portal\/wp-json\/wp\/v2\/media\/9695"}],"wp:attachment":[{"href":"https:\/\/tvc16.com\/portal\/wp-json\/wp\/v2\/media?parent=9689"}],"wp:term":[{"taxonomy":"category","embeddable":true,"href":"https:\/\/tvc16.com\/portal\/wp-json\/wp\/v2\/categories?post=9689"},{"taxonomy":"post_tag","embeddable":true,"href":"https:\/\/tvc16.com\/portal\/wp-json\/wp\/v2\/tags?post=9689"}],"curies":[{"name":"wp","href":"https:\/\/api.w.org\/{rel}","templated":true}]}}