{"id":96891,"date":"2025-01-07T05:00:00","date_gmt":"2025-01-07T08:00:00","guid":{"rendered":"https:\/\/tvc16.com\/portal\/?p=96891"},"modified":"2025-01-06T15:18:17","modified_gmt":"2025-01-06T18:18:17","slug":"paciente-oncologica-celebra-fim-do-tratamento-de-quimioterapia-com-colegas-no-transporte-vai-e-vem-oncologia","status":"publish","type":"post","link":"https:\/\/tvc16.com\/portal\/2025\/01\/07\/paciente-oncologica-celebra-fim-do-tratamento-de-quimioterapia-com-colegas-no-transporte-vai-e-vem-oncologia\/","title":{"rendered":"Paciente oncol\u00f3gica celebra fim do tratamento de quimioterapia com colegas no transporte \u201cVai e Vem Oncologia"},"content":{"rendered":"\n<p>Na manh\u00e3 de hoje, Denise de Souza Florentino, 58 anos, paciente oncol\u00f3gica em tratamento pelo Sistema \u00danico de Sa\u00fade (SUS), celebrou uma importante vit\u00f3ria: o t\u00e9rmino de seu tratamento de quimioterapia contra o c\u00e2ncer de mama. A comemora\u00e7\u00e3o ocorreu no transporte gratuito \u201cVai e Vem Oncologia\u201d, oferecido pela Prefeitura Municipal de Petr\u00f3polis e gerenciado pela Associa\u00e7\u00e3o Petropolitana de Pacientes Oncol\u00f3gicos (APPO), que leva e traz pacientes ao Hospital Alcides Carneiro.<\/p>\n\n\n\n<p>O sistema, mais do que um servi\u00e7o de transporte, tem se tornado um espa\u00e7o de acolhimento, em que pacientes compartilham experi\u00eancias, criam v\u00ednculos e oferecem suporte m\u00fatuo. \u201cO \u2018Vai e Vem Oncologia\u2019 vai muito al\u00e9m de transportar pacientes. Ele conecta vidas e transforma o que poderia ser um momento solit\u00e1rio em uma jornada coletiva de for\u00e7a e esperan\u00e7a\u201d, afirmou Ana Cristina Matos, presidente volunt\u00e1ria da APPO.<\/p>\n\n\n\n<p>Denise, que se emocionou ao celebrar ao lado dos colegas de transporte, agradeceu o suporte recebido ao longo do processo. \u201c\u00c9 um momento de muita alegria e gratid\u00e3o. Sem esse transporte, seria ainda mais dif\u00edcil. Aqui fiz amigos e encontrei for\u00e7a para continuar\u201d, compartilhou.<\/p>\n\n\n\n<p>A APPO refor\u00e7a a import\u00e2ncia de iniciativas como o \u201cVai e Vem Oncologia\u201d, que atendem n\u00e3o apenas a uma necessidade pr\u00e1tica, mas tamb\u00e9m desempenham um papel fundamental no cuidado emocional dos pacientes. \u201cEssa vit\u00f3ria da Denise \u00e9 uma vit\u00f3ria nossa tamb\u00e9m. Ver pacientes como ela conclu\u00edrem etapas t\u00e3o desafiadoras do tratamento nos d\u00e1 ainda mais energia para continuar nosso trabalho\u201d, ponderou Ana Cristina.<\/p>\n\n\n\n<p>O \u201cVai e Vem Oncologia\u201d segue como um exemplo de como a\u00e7\u00f5es solid\u00e1rias podem impactar positivamente vidas, trazendo conforto e esperan\u00e7a em meio aos desafios do tratamento oncol\u00f3gico.<\/p>\n\n\n\n<p>O sistema de transporte gratuito \u201cVai e Vem Oncologia\u201d \u00e9 uma parceria entre a Prefeitura Municipal de Petr\u00f3polis e a APPO e visa facilitar o deslocamento seguro e confort\u00e1vel dos pacientes oncol\u00f3gicos, atendendo a uma antiga demanda da comunidade oncol\u00f3gica da cidade.<\/p>\n\n\n\n<p>\u201cPara utilizar o transporte, \u00e9 necess\u00e1rio que os pacientes compare\u00e7am \u00e0 sala 25 do ambulat\u00f3rio do Hospital Alcides Carneiro, de segunda a sexta-feira, das 8h \u00e0s 15h, onde uma assistente social realizar\u00e1 a avalia\u00e7\u00e3o e cadastramento. Somente os pacientes devidamente cadastrados e com a carteirinha emitida poder\u00e3o usufruir do transporte\u201d, detalhou Ana Cristina Mattos.<\/p>\n\n\n\n<p>A van tem sa\u00edda di\u00e1ria \u00e0s 7h da manh\u00e3, desde novembro de 2024, partindo da Catedral S\u00e3o Pedro de Alc\u00e2ntara, no Centro de Petr\u00f3polis, com uma parada na Rodovi\u00e1ria do Centro Hist\u00f3rico antes de seguir diretamente para o Hospital Alcides Carneiro. O retorno \u00e9 feito ao t\u00e9rmino das sess\u00f5es de quimioterapia, adaptando-se ao tempo de cada tratamento. Al\u00e9m dos pacientes, um acompanhante cadastrado tamb\u00e9m pode utilizar o servi\u00e7o, desde que seja sempre o mesmo durante todo o per\u00edodo de tratamento.<\/p>\n\n\n\n<p>Com mais de tr\u00eas d\u00e9cadas dedicadas ao apoio e \u00e0 assist\u00eancia dos pacientes oncol\u00f3gicos, a APPO refor\u00e7a a import\u00e2ncia do cadastro, lembrando que o servi\u00e7o de transporte \u00e9 exclusivo para pacientes em tratamento no Hospital Alcides Carneiro.<\/p>\n\n\n\n<p>Foto: divulga\u00e7\u00e3o <\/p>\n","protected":false},"excerpt":{"rendered":"<p>Na manh\u00e3 de hoje, Denise de Souza Florentino, 58 anos, paciente oncol\u00f3gica em tratamento pelo<\/p>\n","protected":false},"author":2,"featured_media":96892,"comment_status":"open","ping_status":"open","sticky":false,"template":"","format":"standard","meta":{"footnotes":""},"categories":[12],"tags":[],"class_list":["post-96891","post","type-post","status-publish","format-standard","has-post-thumbnail","hentry","category-cidade"],"_links":{"self":[{"href":"https:\/\/tvc16.com\/portal\/wp-json\/wp\/v2\/posts\/96891","targetHints":{"allow":["GET"]}}],"collection":[{"href":"https:\/\/tvc16.com\/portal\/wp-json\/wp\/v2\/posts"}],"about":[{"href":"https:\/\/tvc16.com\/portal\/wp-json\/wp\/v2\/types\/post"}],"author":[{"embeddable":true,"href":"https:\/\/tvc16.com\/portal\/wp-json\/wp\/v2\/users\/2"}],"replies":[{"embeddable":true,"href":"https:\/\/tvc16.com\/portal\/wp-json\/wp\/v2\/comments?post=96891"}],"version-history":[{"count":1,"href":"https:\/\/tvc16.com\/portal\/wp-json\/wp\/v2\/posts\/96891\/revisions"}],"predecessor-version":[{"id":96893,"href":"https:\/\/tvc16.com\/portal\/wp-json\/wp\/v2\/posts\/96891\/revisions\/96893"}],"wp:featuredmedia":[{"embeddable":true,"href":"https:\/\/tvc16.com\/portal\/wp-json\/wp\/v2\/media\/96892"}],"wp:attachment":[{"href":"https:\/\/tvc16.com\/portal\/wp-json\/wp\/v2\/media?parent=96891"}],"wp:term":[{"taxonomy":"category","embeddable":true,"href":"https:\/\/tvc16.com\/portal\/wp-json\/wp\/v2\/categories?post=96891"},{"taxonomy":"post_tag","embeddable":true,"href":"https:\/\/tvc16.com\/portal\/wp-json\/wp\/v2\/tags?post=96891"}],"curies":[{"name":"wp","href":"https:\/\/api.w.org\/{rel}","templated":true}]}}