{"id":96911,"date":"2025-01-07T08:14:55","date_gmt":"2025-01-07T11:14:55","guid":{"rendered":"https:\/\/tvc16.com\/portal\/?p=96911"},"modified":"2025-01-07T08:14:56","modified_gmt":"2025-01-07T11:14:56","slug":"inmetro-da-dicas-aos-pais-para-facilitar-compra-de-material-escolar","status":"publish","type":"post","link":"https:\/\/tvc16.com\/portal\/2025\/01\/07\/inmetro-da-dicas-aos-pais-para-facilitar-compra-de-material-escolar\/","title":{"rendered":"Inmetro d\u00e1 dicas aos pais para facilitar compra de material escolar"},"content":{"rendered":"\n<p><em>Observar o selo do Instituto qualificando o produto \u00e9 essencial<\/em><\/p>\n\n\n\n<p>Por Douglas Corr\u00eaa &#8211; Rep\u00f3rter da Ag\u00eancia Brasil \/ Foto: Rovena Rosa\/Ag\u00eancia Brasil<\/p>\n\n\n\n<p><\/p>\n\n\n\n<p>Como todo janeiro, a movimenta\u00e7\u00e3o nas lojas de venda de material&nbsp;escolar&nbsp;aumenta. A procura por livros did\u00e1ticos, cadernos e outros equipamentos, como l\u00e1pis, canetas e borrachas, faz os pais e respons\u00e1veis a buscar os melhores pre\u00e7os e qualidade dos produtos.<img decoding=\"async\" src=\"https:\/\/agenciabrasil.ebc.com.br\/ebc.png?id=1625988&amp;o=node\"><img decoding=\"async\" src=\"https:\/\/agenciabrasil.ebc.com.br\/ebc.gif?id=1625988&amp;o=node\"><\/p>\n\n\n\n<p>Para auxiliar na hora da compra e garantir que os itens adquiridos atendam aos padr\u00f5es de seguran\u00e7a e qualidade, o Instituto Nacional de Metrologia, Qualidade e Tecnologia (Inmetro) d\u00e1 dicas essenciais para que os respons\u00e1veis evitem problemas.<\/p>\n\n\n\n<p>O presidente do Inmetro, M\u00e1rcio Andr\u00e9 Brito, orienta que o fundamental \u00e9 que o consumidor esteja atento para algumas dicas importantes, como observar a presen\u00e7a do selo de certifica\u00e7\u00e3o do Instituto e as informa\u00e7\u00f5es descritas nas embalagens dos produtos. A nota fiscal \u00e9 essencial para comprovar a proced\u00eancia do material e facilitar eventuais reclama\u00e7\u00f5es.<\/p>\n\n\n\n<p>\u201cOrientamos pais e consumidores a verificarem, ao comprar materiais escolares, se os produtos possuem o selo [do Inmetro], se s\u00e3o adequados \u00e0 faixa et\u00e1ria da crian\u00e7a e se est\u00e3o sendo adquiridos em estabelecimentos formais, que garantem a proced\u00eancia desses itens. Essas medidas ajudam a prevenir poss\u00edveis riscos \u00e0 sa\u00fade e \u00e0 seguran\u00e7a das crian\u00e7as, bem como de todos os usu\u00e1rios\u201d, explicou.<\/p>\n\n\n\n<h2 class=\"wp-block-heading\">Pre\u00e7os<\/h2>\n\n\n\n<p>De acordo com a Associa\u00e7\u00e3o Brasileira de Fabricantes e Importadores de Artigos Escolares (Abfiae), o material escolar deve ficar entre 5% e 9% mais caro em 2025. O presidente-executivo da associa\u00e7\u00e3o, Sidnei Bergamaschi, disse que a eleva\u00e7\u00e3o nos pre\u00e7os \u00e9 atribu\u00edda a uma combina\u00e7\u00e3o de fatores econ\u00f4micos e log\u00edsticos, como a alta tributa\u00e7\u00e3o, custos de produ\u00e7\u00e3o e a valoriza\u00e7\u00e3o do d\u00f3lar.<\/p>\n\n\n\n<p>\u201cOs impostos s\u00e3o um componente importante no pe\u00e7o final do material escolar. Diversos produtos t\u00eam at\u00e9 40% de impostos. Os itens que formam a cesta, quase metade do pre\u00e7o do produto final \u00e9 imposto\u201d, informou.<br><\/p>\n","protected":false},"excerpt":{"rendered":"<p>Observar o selo do Instituto qualificando o produto \u00e9 essencial Por Douglas Corr\u00eaa &#8211; Rep\u00f3rter<\/p>\n","protected":false},"author":2,"featured_media":96912,"comment_status":"open","ping_status":"open","sticky":false,"template":"","format":"standard","meta":{"footnotes":""},"categories":[17],"tags":[],"class_list":["post-96911","post","type-post","status-publish","format-standard","has-post-thumbnail","hentry","category-outras-noticias"],"_links":{"self":[{"href":"https:\/\/tvc16.com\/portal\/wp-json\/wp\/v2\/posts\/96911","targetHints":{"allow":["GET"]}}],"collection":[{"href":"https:\/\/tvc16.com\/portal\/wp-json\/wp\/v2\/posts"}],"about":[{"href":"https:\/\/tvc16.com\/portal\/wp-json\/wp\/v2\/types\/post"}],"author":[{"embeddable":true,"href":"https:\/\/tvc16.com\/portal\/wp-json\/wp\/v2\/users\/2"}],"replies":[{"embeddable":true,"href":"https:\/\/tvc16.com\/portal\/wp-json\/wp\/v2\/comments?post=96911"}],"version-history":[{"count":1,"href":"https:\/\/tvc16.com\/portal\/wp-json\/wp\/v2\/posts\/96911\/revisions"}],"predecessor-version":[{"id":96913,"href":"https:\/\/tvc16.com\/portal\/wp-json\/wp\/v2\/posts\/96911\/revisions\/96913"}],"wp:featuredmedia":[{"embeddable":true,"href":"https:\/\/tvc16.com\/portal\/wp-json\/wp\/v2\/media\/96912"}],"wp:attachment":[{"href":"https:\/\/tvc16.com\/portal\/wp-json\/wp\/v2\/media?parent=96911"}],"wp:term":[{"taxonomy":"category","embeddable":true,"href":"https:\/\/tvc16.com\/portal\/wp-json\/wp\/v2\/categories?post=96911"},{"taxonomy":"post_tag","embeddable":true,"href":"https:\/\/tvc16.com\/portal\/wp-json\/wp\/v2\/tags?post=96911"}],"curies":[{"name":"wp","href":"https:\/\/api.w.org\/{rel}","templated":true}]}}