{"id":96917,"date":"2025-01-07T08:21:08","date_gmt":"2025-01-07T11:21:08","guid":{"rendered":"https:\/\/tvc16.com\/portal\/?p=96917"},"modified":"2025-01-07T08:21:11","modified_gmt":"2025-01-07T11:21:11","slug":"brasil-bate-recorde-com-mais-de-35-mil-salas-de-cinema","status":"publish","type":"post","link":"https:\/\/tvc16.com\/portal\/2025\/01\/07\/brasil-bate-recorde-com-mais-de-35-mil-salas-de-cinema\/","title":{"rendered":"Brasil bate recorde com mais de 3,5 mil salas de cinema"},"content":{"rendered":"\n<p><em>Mais de 120 milh\u00f5es de pessoas foram aos cinemas em 2024<\/em><\/p>\n\n\n\n<p>Por Ag\u00eancia Brasil \/ Foto: Arquivo\/Ag\u00eancia Bras\u00edlia<\/p>\n\n\n\n<p><br>O setor cinematogr\u00e1fico brasileiro bateu recorde de salas de cinema em funcionamento no pa\u00eds. De acordo com a Ag\u00eancia Nacional do Cinema (Ancine), em 1\u00ba de janeiro deste ano, o pa\u00eds tinha 3.509 salas em funcionamento, 31 a mais do que o registrado em 2019, antes da pandemia de covid-19.<img decoding=\"async\" src=\"https:\/\/agenciabrasil.ebc.com.br\/ebc.png?id=1625975&amp;o=node\"><img decoding=\"async\" src=\"https:\/\/agenciabrasil.ebc.com.br\/ebc.gif?id=1625975&amp;o=node\"><\/p>\n\n\n\n<p>\u201cEsse crescimento reflete um compromisso com a descentraliza\u00e7\u00e3o do acesso ao audiovisual e a inclus\u00e3o cultural, com solu\u00e7\u00f5es de acessibilidade, alcan\u00e7ando pessoas com defici\u00eancia visual e auditiva. Monte Carmelo e Ponte Nova, em Minas Gerais, e Miracema, no Rio de Janeiro, ganharam suas primeiras salas, enquanto Vi\u00e7osa, em Alagoas, celebrou a reabertura de um cinema que estava fechado h\u00e1 30 anos\u201d, destacou o Minist\u00e9rio da Cultura.<\/p>\n\n\n\n<p>A pasta ressaltou&nbsp;ainda que, em 2024, 121 milh\u00f5es de pessoas frequentaram as salas de cinema, e o n\u00famero de espectadores de produ\u00e7\u00f5es brasileiras dobrou em rela\u00e7\u00e3o ao ano anterior, com destaque para o filme&nbsp;<em>Ainda Estou Aqui<\/em>, estrelado por Fernanda Torres, que conquistou o&nbsp;<a href=\"https:\/\/agenciabrasil.ebc.com.br\/cultura\/noticia\/2025-01\/fernanda-torres-leva-globo-de-ouro-por-atuacao-em-ainda-estou-aqui\" target=\"_blank\" rel=\"noreferrer noopener\">Globo de Ouro de Melhor Atriz em Drama<\/a>.<\/p>\n","protected":false},"excerpt":{"rendered":"<p>Mais de 120 milh\u00f5es de pessoas foram aos cinemas em 2024 Por Ag\u00eancia Brasil \/<\/p>\n","protected":false},"author":2,"featured_media":96919,"comment_status":"open","ping_status":"open","sticky":false,"template":"","format":"standard","meta":{"footnotes":""},"categories":[17],"tags":[],"class_list":["post-96917","post","type-post","status-publish","format-standard","has-post-thumbnail","hentry","category-outras-noticias"],"_links":{"self":[{"href":"https:\/\/tvc16.com\/portal\/wp-json\/wp\/v2\/posts\/96917","targetHints":{"allow":["GET"]}}],"collection":[{"href":"https:\/\/tvc16.com\/portal\/wp-json\/wp\/v2\/posts"}],"about":[{"href":"https:\/\/tvc16.com\/portal\/wp-json\/wp\/v2\/types\/post"}],"author":[{"embeddable":true,"href":"https:\/\/tvc16.com\/portal\/wp-json\/wp\/v2\/users\/2"}],"replies":[{"embeddable":true,"href":"https:\/\/tvc16.com\/portal\/wp-json\/wp\/v2\/comments?post=96917"}],"version-history":[{"count":1,"href":"https:\/\/tvc16.com\/portal\/wp-json\/wp\/v2\/posts\/96917\/revisions"}],"predecessor-version":[{"id":96920,"href":"https:\/\/tvc16.com\/portal\/wp-json\/wp\/v2\/posts\/96917\/revisions\/96920"}],"wp:featuredmedia":[{"embeddable":true,"href":"https:\/\/tvc16.com\/portal\/wp-json\/wp\/v2\/media\/96919"}],"wp:attachment":[{"href":"https:\/\/tvc16.com\/portal\/wp-json\/wp\/v2\/media?parent=96917"}],"wp:term":[{"taxonomy":"category","embeddable":true,"href":"https:\/\/tvc16.com\/portal\/wp-json\/wp\/v2\/categories?post=96917"},{"taxonomy":"post_tag","embeddable":true,"href":"https:\/\/tvc16.com\/portal\/wp-json\/wp\/v2\/tags?post=96917"}],"curies":[{"name":"wp","href":"https:\/\/api.w.org\/{rel}","templated":true}]}}