{"id":96921,"date":"2025-01-07T08:23:15","date_gmt":"2025-01-07T11:23:15","guid":{"rendered":"https:\/\/tvc16.com\/portal\/?p=96921"},"modified":"2025-01-07T08:23:36","modified_gmt":"2025-01-07T11:23:36","slug":"rio-alerta-para-2a-dose-da-vacina-contra-dengue-em-criancas","status":"publish","type":"post","link":"https:\/\/tvc16.com\/portal\/2025\/01\/07\/rio-alerta-para-2a-dose-da-vacina-contra-dengue-em-criancas\/","title":{"rendered":"Rio alerta para 2\u00aa dose da vacina contra dengue em crian\u00e7as"},"content":{"rendered":"\n<p><em>P\u00fablico-alvo \u00e9 na faixa et\u00e1ria de 10 a 14 anos<\/em><\/p>\n\n\n\n<p>Por Douglas Corr\u00eaa &#8211; Rep\u00f3rter da Ag\u00eancia Brasil \/ Foto: Frame EBC<\/p>\n\n\n\n<p><\/p>\n\n\n\n<p>A Secretaria Municipal de Sa\u00fade do Rio de Janeiro&nbsp;est\u00e1 convocando&nbsp;as crian\u00e7as e adolescentes, com idades entre 10 e&nbsp;14 anos, que ainda n\u00e3o tomaram a segunda dose da vacina contra a dengue para se imunizarem&nbsp;at\u00e9 o dia 31 de janeiro. Ap\u00f3s essa data, segundo a secretaria,&nbsp;a vacina passar\u00e1 a ser&nbsp;disponibilizada para outra faixa et\u00e1ria.&nbsp;<img decoding=\"async\" src=\"https:\/\/agenciabrasil.ebc.com.br\/ebc.png?id=1625971&amp;o=node\"><img decoding=\"async\" src=\"https:\/\/agenciabrasil.ebc.com.br\/ebc.gif?id=1625971&amp;o=node\"><\/p>\n\n\n\n<p>No ano passado, foram aplicadas 155.756 doses da&nbsp;vacina na primeira etapa,&nbsp;e 55.235 doses, na segunda etapa da campanha.<\/p>\n\n\n\n<p>A prefeitura iniciou nesta segunda-feira (6) levantamento de poss\u00edveis focos de reprodu\u00e7\u00e3o do mosquito transmissor da dengue. Equipes da Vigil\u00e2ncia Ambiental vistoriaram dep\u00f3sitos, coletaram&nbsp;larvas e enviaram amostras para&nbsp;an\u00e1lise em laborat\u00f3rio.&nbsp;<\/p>\n\n\n\n<p>De acordo com a secretaria, em 2024, o munic\u00edpio&nbsp;registrou&nbsp;111 mil casos da doen\u00e7a, o maior n\u00famero dos \u00faltimos 10 anos. A taxa de incid\u00eancia foi de 1.756,21 casos a cada 100 mil habitantes. Al\u00e9m disso, a cidade teve&nbsp;21&nbsp;\u00f3bitos confirmados durante o ano.<br><\/p>\n","protected":false},"excerpt":{"rendered":"<p>P\u00fablico-alvo \u00e9 na faixa et\u00e1ria de 10 a 14 anos Por Douglas Corr\u00eaa &#8211; Rep\u00f3rter<\/p>\n","protected":false},"author":2,"featured_media":96922,"comment_status":"open","ping_status":"open","sticky":false,"template":"","format":"standard","meta":{"footnotes":""},"categories":[17],"tags":[],"class_list":["post-96921","post","type-post","status-publish","format-standard","has-post-thumbnail","hentry","category-outras-noticias"],"_links":{"self":[{"href":"https:\/\/tvc16.com\/portal\/wp-json\/wp\/v2\/posts\/96921","targetHints":{"allow":["GET"]}}],"collection":[{"href":"https:\/\/tvc16.com\/portal\/wp-json\/wp\/v2\/posts"}],"about":[{"href":"https:\/\/tvc16.com\/portal\/wp-json\/wp\/v2\/types\/post"}],"author":[{"embeddable":true,"href":"https:\/\/tvc16.com\/portal\/wp-json\/wp\/v2\/users\/2"}],"replies":[{"embeddable":true,"href":"https:\/\/tvc16.com\/portal\/wp-json\/wp\/v2\/comments?post=96921"}],"version-history":[{"count":1,"href":"https:\/\/tvc16.com\/portal\/wp-json\/wp\/v2\/posts\/96921\/revisions"}],"predecessor-version":[{"id":96923,"href":"https:\/\/tvc16.com\/portal\/wp-json\/wp\/v2\/posts\/96921\/revisions\/96923"}],"wp:featuredmedia":[{"embeddable":true,"href":"https:\/\/tvc16.com\/portal\/wp-json\/wp\/v2\/media\/96922"}],"wp:attachment":[{"href":"https:\/\/tvc16.com\/portal\/wp-json\/wp\/v2\/media?parent=96921"}],"wp:term":[{"taxonomy":"category","embeddable":true,"href":"https:\/\/tvc16.com\/portal\/wp-json\/wp\/v2\/categories?post=96921"},{"taxonomy":"post_tag","embeddable":true,"href":"https:\/\/tvc16.com\/portal\/wp-json\/wp\/v2\/tags?post=96921"}],"curies":[{"name":"wp","href":"https:\/\/api.w.org\/{rel}","templated":true}]}}