{"id":96930,"date":"2025-01-07T08:36:28","date_gmt":"2025-01-07T11:36:28","guid":{"rendered":"https:\/\/tvc16.com\/portal\/?p=96930"},"modified":"2025-01-07T08:37:02","modified_gmt":"2025-01-07T11:37:02","slug":"natal-imperial-2024-encerra-edicao-no-palacio-de-cristal","status":"publish","type":"post","link":"https:\/\/tvc16.com\/portal\/2025\/01\/07\/natal-imperial-2024-encerra-edicao-no-palacio-de-cristal\/","title":{"rendered":"Natal Imperial 2024 encerra edi\u00e7\u00e3o no Pal\u00e1cio de Cristal"},"content":{"rendered":"\n<p><em>Prefeitura j\u00e1 se prepara para os pr\u00f3ximos eventos e promete um Natal Imperial 2025 em grande estilo<\/em><\/p>\n\n\n\n<p>Concentrado no Pal\u00e1cio de Cristal, o Natal Imperial 2024 chegou ao fim no \u00faltimo fim de semana. O evento ofereceu uma programa\u00e7\u00e3o diversificada, com atra\u00e7\u00f5es para todas as idades, como a Casa do Papai Noel, encantando as crian\u00e7as, e a vila gastron\u00f4mica, que atraiu fam\u00edlias e visitantes.<\/p>\n\n\n\n<p>\u201cO Natal Imperial \u00e9 uma das nossas maiores festas, sendo muito importante para movimentar o turismo e a economia da nossa cidade. J\u00e1 estamos nos preparando para os pr\u00f3ximos eventos que est\u00e3o no calend\u00e1rio oficial e queremos fazer um Natal Imperial 2025 repletos de atra\u00e7\u00f5es\u201d, disse o prefeito Hingo Hammes.<\/p>\n\n\n\n<p>O \u00faltimo fim de semana do Natal Imperial teve uma taxa m\u00e9dia de ocupa\u00e7\u00e3o hoteleira de 61,95%, entre os dias 3 e 5 de janeiro. No Centro e arredores, a ocupa\u00e7\u00e3o alcan\u00e7ou 63,46%, enquanto os distritos, como Corr\u00eaas, Nogueira, Itaipava, Araras, Pedro do Rio e Posse, registraram uma m\u00e9dia de 60,45%. Os dados s\u00e3o do Disque Turismo, vinculado \u00e0 Secretaria de Turismo de Petr\u00f3polis.<\/p>\n\n\n\n<p>A decora\u00e7\u00e3o tradicional, combinada com ambientes interativos e espa\u00e7os instagram\u00e1veis, como a ic\u00f4nica \u00e1rvore de 25 metros e a \u00c1rvore de Natal do Botic\u00e1rio, estiveram entre atrativos desta edi\u00e7\u00e3o. No palco principal, apresenta\u00e7\u00f5es musicais de artistas como Larissa Viana, + Roll Q Rock e Banda V2 animaram o p\u00fablico, enquanto espet\u00e1culos de teatro, dan\u00e7a e corais completaram a oferta cultural do evento.<\/p>\n\n\n\n<p>Promovido pela Prefeitura de Petr\u00f3polis, o Natal Imperial 2024 contou com apoio da Lei de Incentivo \u00e0 Cultura do Governo Federal e teve patroc\u00ednio de \u00c1guas do Imperador. A produ\u00e7\u00e3o foi realizada pelas empresas Efeittos e KS Eventos, com o chope oficial da Brewpoint.<\/p>\n","protected":false},"excerpt":{"rendered":"<p>Prefeitura j\u00e1 se prepara para os pr\u00f3ximos eventos e promete um Natal Imperial 2025 em<\/p>\n","protected":false},"author":2,"featured_media":96931,"comment_status":"open","ping_status":"open","sticky":false,"template":"","format":"standard","meta":{"footnotes":""},"categories":[12,1],"tags":[],"class_list":["post-96930","post","type-post","status-publish","format-standard","has-post-thumbnail","hentry","category-cidade","category-uncategorized"],"_links":{"self":[{"href":"https:\/\/tvc16.com\/portal\/wp-json\/wp\/v2\/posts\/96930","targetHints":{"allow":["GET"]}}],"collection":[{"href":"https:\/\/tvc16.com\/portal\/wp-json\/wp\/v2\/posts"}],"about":[{"href":"https:\/\/tvc16.com\/portal\/wp-json\/wp\/v2\/types\/post"}],"author":[{"embeddable":true,"href":"https:\/\/tvc16.com\/portal\/wp-json\/wp\/v2\/users\/2"}],"replies":[{"embeddable":true,"href":"https:\/\/tvc16.com\/portal\/wp-json\/wp\/v2\/comments?post=96930"}],"version-history":[{"count":1,"href":"https:\/\/tvc16.com\/portal\/wp-json\/wp\/v2\/posts\/96930\/revisions"}],"predecessor-version":[{"id":96932,"href":"https:\/\/tvc16.com\/portal\/wp-json\/wp\/v2\/posts\/96930\/revisions\/96932"}],"wp:featuredmedia":[{"embeddable":true,"href":"https:\/\/tvc16.com\/portal\/wp-json\/wp\/v2\/media\/96931"}],"wp:attachment":[{"href":"https:\/\/tvc16.com\/portal\/wp-json\/wp\/v2\/media?parent=96930"}],"wp:term":[{"taxonomy":"category","embeddable":true,"href":"https:\/\/tvc16.com\/portal\/wp-json\/wp\/v2\/categories?post=96930"},{"taxonomy":"post_tag","embeddable":true,"href":"https:\/\/tvc16.com\/portal\/wp-json\/wp\/v2\/tags?post=96930"}],"curies":[{"name":"wp","href":"https:\/\/api.w.org\/{rel}","templated":true}]}}