{"id":96936,"date":"2025-01-07T08:39:54","date_gmt":"2025-01-07T11:39:54","guid":{"rendered":"https:\/\/tvc16.com\/portal\/?p=96936"},"modified":"2025-01-07T08:39:57","modified_gmt":"2025-01-07T11:39:57","slug":"petropolis-se-prepara-para-a-segunda-edicao-da-flipetropolis","status":"publish","type":"post","link":"https:\/\/tvc16.com\/portal\/2025\/01\/07\/petropolis-se-prepara-para-a-segunda-edicao-da-flipetropolis\/","title":{"rendered":"Petr\u00f3polis se prepara para a segunda edi\u00e7\u00e3o da Flipetr\u00f3polis"},"content":{"rendered":"\n<p><em>Reuni\u00e3o marca in\u00edcio da prepara\u00e7\u00e3o do novo governo para os grandes eventos de Petr\u00f3polis em 2025<\/em><\/p>\n\n\n\n<p>A Prefeitura est\u00e1 se preparando para a segunda edi\u00e7\u00e3o do Festival Liter\u00e1rio Internacional de Petr\u00f3polis. A reuni\u00e3o com equipes das secretarias de Cultura, Turismo e Governo aconteceu nesta segunda-feira (6), na sede da Prefeitura.<\/p>\n\n\n\n<p>\u201cA Flipetr\u00f3polis \u00e9 um dos principais eventos do nosso calend\u00e1rio em 2025 e estamos comprometidos em garantir que esse e outros eventos gerem frutos para a cidade\u201d, comenta o secret\u00e1rio de Turismo, Pablo Kling.<\/p>\n\n\n\n<p>A previs\u00e3o \u00e9 que a festa liter\u00e1ria aconte\u00e7a em maio, tendo como palco principal o Pal\u00e1cio de Cristal, um dos cart\u00f5es postais da cidade, no Centro Hist\u00f3rico. \u201cO turismo em Petr\u00f3polis alimenta todos os setores. Estamos comprometidos em alinhar todas as necessidades para garantir que o evento seja um sucesso\u201d disse o secret\u00e1rio de Governo Fred Proc\u00f3pio.<\/p>\n\n\n\n<p>O secret\u00e1rio de Cultura complementa a import\u00e2ncia em ter eventos de tamanho internacional em Petr\u00f3polis \u201cA cultura \u00e9 uma vertente fundamental da nossa cidade e ter um evento com a magnitude da Flipetr\u00f3polis \u00e9 uma oportunidade para que Petr\u00f3polis se destaque ainda mais\u201d.<\/p>\n\n\n\n<p>Tamb\u00e9m participaram da reuni\u00e3o o Desembargador Luis Gustavo Grandinetti e dos representantes da secretaria de Cultura, o gerente de eventos, Miguel Morelli, e a diretora de Turismo, Amanda Alvazez.<\/p>\n","protected":false},"excerpt":{"rendered":"<p>Reuni\u00e3o marca in\u00edcio da prepara\u00e7\u00e3o do novo governo para os grandes eventos de Petr\u00f3polis em<\/p>\n","protected":false},"author":2,"featured_media":82953,"comment_status":"open","ping_status":"open","sticky":false,"template":"","format":"standard","meta":{"footnotes":""},"categories":[12],"tags":[],"class_list":["post-96936","post","type-post","status-publish","format-standard","has-post-thumbnail","hentry","category-cidade"],"_links":{"self":[{"href":"https:\/\/tvc16.com\/portal\/wp-json\/wp\/v2\/posts\/96936","targetHints":{"allow":["GET"]}}],"collection":[{"href":"https:\/\/tvc16.com\/portal\/wp-json\/wp\/v2\/posts"}],"about":[{"href":"https:\/\/tvc16.com\/portal\/wp-json\/wp\/v2\/types\/post"}],"author":[{"embeddable":true,"href":"https:\/\/tvc16.com\/portal\/wp-json\/wp\/v2\/users\/2"}],"replies":[{"embeddable":true,"href":"https:\/\/tvc16.com\/portal\/wp-json\/wp\/v2\/comments?post=96936"}],"version-history":[{"count":1,"href":"https:\/\/tvc16.com\/portal\/wp-json\/wp\/v2\/posts\/96936\/revisions"}],"predecessor-version":[{"id":96937,"href":"https:\/\/tvc16.com\/portal\/wp-json\/wp\/v2\/posts\/96936\/revisions\/96937"}],"wp:featuredmedia":[{"embeddable":true,"href":"https:\/\/tvc16.com\/portal\/wp-json\/wp\/v2\/media\/82953"}],"wp:attachment":[{"href":"https:\/\/tvc16.com\/portal\/wp-json\/wp\/v2\/media?parent=96936"}],"wp:term":[{"taxonomy":"category","embeddable":true,"href":"https:\/\/tvc16.com\/portal\/wp-json\/wp\/v2\/categories?post=96936"},{"taxonomy":"post_tag","embeddable":true,"href":"https:\/\/tvc16.com\/portal\/wp-json\/wp\/v2\/tags?post=96936"}],"curies":[{"name":"wp","href":"https:\/\/api.w.org\/{rel}","templated":true}]}}