{"id":96938,"date":"2025-01-07T08:55:33","date_gmt":"2025-01-07T11:55:33","guid":{"rendered":"https:\/\/tvc16.com\/portal\/?p=96938"},"modified":"2025-01-07T08:55:35","modified_gmt":"2025-01-07T11:55:35","slug":"chuvas-claudio-castro-reforca-a-limpeza-dos-rios-em-petropolis-e-intensifica-a-desobstrucao-de-vias-em-itaocara-santo-antonio-de-padua-macuco-teresopolis-e-cantagalo","status":"publish","type":"post","link":"https:\/\/tvc16.com\/portal\/2025\/01\/07\/chuvas-claudio-castro-reforca-a-limpeza-dos-rios-em-petropolis-e-intensifica-a-desobstrucao-de-vias-em-itaocara-santo-antonio-de-padua-macuco-teresopolis-e-cantagalo\/","title":{"rendered":"Chuvas: Cl\u00e1udio Castro refor\u00e7a a limpeza dos rios em Petr\u00f3polis e intensifica a desobstru\u00e7\u00e3o de vias em Itaocara, Santo Ant\u00f4nio de P\u00e1dua, Macuco, Teres\u00f3polis e Cantagalo"},"content":{"rendered":"\n<p><em>For\u00e7a-tarefa auxilia na recupera\u00e7\u00e3o das cidades afetadas pela tempestade do \u00faltimo fim de semana<\/em><br><br>M\u00e1quinas e equipamentos do Governo do Estado refor\u00e7aram o trabalho de limpeza no munic\u00edpio de Petr\u00f3polis nesta segunda-feira (06\/01), ap\u00f3s o ac\u00famulo de lixo com as chuvas que afetam a cidade desde o fim do ano passado. Atendendo a uma determina\u00e7\u00e3o do governador Cl\u00e1udio Castro, oito caminh\u00f5es e cinco retroescavadeiras &#8211; num total de 13 equipamentos do programa Limpa Rio, do Instituto Estadual do Ambiente (Inea) \u2013 atuam na regi\u00e3o.<br>Equipes do governo j\u00e1 trabalham em diversos munic\u00edpios afetados pelas fortes chuvas ocorridas nas regi\u00f5es Serrana, Norte e Noroeste. Maquin\u00e1rios foram enviados para as cidades de Santo Ant\u00f4nio de P\u00e1dua, Macuco, Itaocara, Teres\u00f3polis e Cantagalo. Em Santo Ant\u00f4nio de P\u00e1dua, a Secretaria de Infraestrutura e Obras P\u00fablicas enviou 16 manilhas, que ser\u00e3o utilizadas para substituir as que foram danificadas em uma estrada vicinal. J\u00e1 em Teres\u00f3polis, o programa Limpa Rio iniciou uma frente de trabalho no Rio Paquequer.\u00a0<br>&#8211;\u00a0 O trabalho integrado entre o poder p\u00fablico \u00e9 fundamental para atender \u00e0 popula\u00e7\u00e3o fluminense com o m\u00e1ximo de celeridade e efici\u00eancia. Nosso maquin\u00e1rio est\u00e1 \u00e0 disposi\u00e7\u00e3o dos munic\u00edpios para agilizar o trabalho de limpeza dos rios e tamb\u00e9m a desobstru\u00e7\u00e3o de vias &#8211; explicou o governador Cl\u00e1udio Castro.\u00a0<\/p>\n\n\n\n<p><strong>Frente de trabalho em Petr\u00f3polis<\/strong><br>O Inea realiza o servi\u00e7o de limpeza em quatro localidades de Petr\u00f3polis, sendo dois diferentes pontos do Rio Piabanha \u2013 Retiro e Nogueira (Frias); no Rio Araras, em Bonsucesso, e no Vale do Sossego. Em 2024, como parte das a\u00e7\u00f5es do Governo do Estado preventivas ao per\u00edodo de chuvas na cidade, foram removidos 116.552 metros c\u00fabicos de detritos de rios, c\u00f3rregos e lagos.&nbsp;<br>As frentes de trabalho do programa Limpa Rio foram realizadas durante todo o ano de 2024 em 15 diferentes pontos da regi\u00e3o, como o Lago de Nogueira, que teve o leito original restabelecido ap\u00f3s a limpeza e remo\u00e7\u00e3o de 10.570 metros c\u00fabicos de detritos.&nbsp;<\/p>\n\n\n\n<p><strong>A\u00e7\u00f5es continuam em outros munic\u00edpios<\/strong><br>Maquin\u00e1rios e profissionais do Governo do Estado seguem trabalhando, desde o fim de semana, em Cordeiro, na regi\u00e3o Serrana; e em S\u00e3o Jo\u00e3o de Meriti e Belford Roxo, na Baixada Fluminense. Na Baixada Fluminense, equipes atuam com retroescavadeiras e 20 caminh\u00f5es.&nbsp;<br>Tamb\u00e9m na Serra, nesta segunda (06\/01), o munic\u00edpio de Macuco recebeu o refor\u00e7o de uma retroescavadeira e um caminh\u00e3o para o&nbsp; trabalho de libera\u00e7\u00e3o de vias. Em Teres\u00f3polis, as a\u00e7\u00f5es no Rio Paquequer receberam o apoio de uma long reach, uma escavadeira hidr\u00e1ulica e seis caminh\u00f5es. J\u00e1 em Cordeiro, h\u00e1 caminh\u00f5es, vacall e retroescavadeira.&nbsp;<br>Na RJ-158, as chuvas provocaram eros\u00e3o na margem da rodovia, na altura de Batatal. O tr\u00e2nsito est\u00e1 funcionando em meia pista.&nbsp; Uma equipe t\u00e9cnica do DER est\u00e1 no local para avaliar os danos e adotar as provid\u00eancias para recupera\u00e7\u00e3o do trecho.<\/p>\n\n\n\n<p><strong>Monitoramento em tempo real e vistoria<\/strong><br>O Centro Estadual de Monitoramento e Alerta de Desastres Naturais (CEMADEN-RJ) acompanha, 24 horas por dia, as condi\u00e7\u00f5es meteorol\u00f3gicas e os n\u00edveis pluviom\u00e9tricos no territ\u00f3rio fluminense, enviando alertas para os munic\u00edpios quando necess\u00e1rio.&nbsp;Os Bombeiros est\u00e3o mobilizados para o atendimento a poss\u00edveis emerg\u00eancias. As equipes contam com apoio de viaturas de salvamento e resgate, ambul\u00e2ncias, embarca\u00e7\u00f5es, drones e aeronaves.&nbsp;<\/p>\n\n\n\n<p>Equipes da Defesa Civil Estadual tamb\u00e9m j\u00e1 se encontram em S\u00e3o Fid\u00e9lis e Cambuci, no Noroeste, para prestar assessoria t\u00e9cnica \u00e0s Defesas Civis locais.<\/p>\n\n\n\n<p><strong>Previs\u00e3o do tempo<\/strong><br>Neste momento, h\u00e1 risco hidrol\u00f3gico alto para S\u00e3o Francisco de Itabapoana, Aperib\u00e9, Santo Ant\u00f4nio de P\u00e1dua, S\u00e3o Fid\u00e9lis, Bom Jesus do Itabapoana, Cambuci, Campos dos Goytacazes, Itaperuna e Laje do Muria\u00e9. No restante do estado, o risco \u00e9 de moderado a muito baixo.&nbsp;<\/p>\n\n\n\n<p><strong>Investimentos<\/strong><br>O Governo do Rio investe, desde 2021, R$ 4,3 bilh\u00f5es em obras de infraestrutura em todo o estado. S\u00e3o investimentos em equipamentos de \u00faltima gera\u00e7\u00e3o, que aumentam a rapidez no tempo de resposta, e d\u00e3o mais suporte \u00e0s a\u00e7\u00f5es e contribuem para salvar vidas.&nbsp;<br>A Defesa Civil, que recebeu investimentos de cerca de R$ 1 bilh\u00e3o em tecnologia, conta com diversas ferramentas para a preven\u00e7\u00e3o e gest\u00e3o de riscos e respostas a desastres, como o Sistema de Monitoramento, Alerta e Alarme, com 202 sirenes e 70 pluvi\u00f4metros mantidos pelo Governo do Estado.<br>O Instituto Estadual do Ambiente investe mais de R$ 2 milh\u00f5es em obras de recupera\u00e7\u00e3o ambiental, como o programa Limpa Rio, que j\u00e1 realizou a limpeza de mais de 800 rios, beneficiando 88 munic\u00edpios. o Inea realiza ainda monitoramentos de alerta de cheias e hidrometeorol\u00f3gico e o sistema de detec\u00e7\u00e3o de raios e tempestades.<\/p>\n","protected":false},"excerpt":{"rendered":"<p>For\u00e7a-tarefa auxilia na recupera\u00e7\u00e3o das cidades afetadas pela tempestade do \u00faltimo fim de semana M\u00e1quinas<\/p>\n","protected":false},"author":2,"featured_media":96939,"comment_status":"open","ping_status":"open","sticky":false,"template":"","format":"standard","meta":{"footnotes":""},"categories":[12],"tags":[],"class_list":["post-96938","post","type-post","status-publish","format-standard","has-post-thumbnail","hentry","category-cidade"],"_links":{"self":[{"href":"https:\/\/tvc16.com\/portal\/wp-json\/wp\/v2\/posts\/96938","targetHints":{"allow":["GET"]}}],"collection":[{"href":"https:\/\/tvc16.com\/portal\/wp-json\/wp\/v2\/posts"}],"about":[{"href":"https:\/\/tvc16.com\/portal\/wp-json\/wp\/v2\/types\/post"}],"author":[{"embeddable":true,"href":"https:\/\/tvc16.com\/portal\/wp-json\/wp\/v2\/users\/2"}],"replies":[{"embeddable":true,"href":"https:\/\/tvc16.com\/portal\/wp-json\/wp\/v2\/comments?post=96938"}],"version-history":[{"count":1,"href":"https:\/\/tvc16.com\/portal\/wp-json\/wp\/v2\/posts\/96938\/revisions"}],"predecessor-version":[{"id":96940,"href":"https:\/\/tvc16.com\/portal\/wp-json\/wp\/v2\/posts\/96938\/revisions\/96940"}],"wp:featuredmedia":[{"embeddable":true,"href":"https:\/\/tvc16.com\/portal\/wp-json\/wp\/v2\/media\/96939"}],"wp:attachment":[{"href":"https:\/\/tvc16.com\/portal\/wp-json\/wp\/v2\/media?parent=96938"}],"wp:term":[{"taxonomy":"category","embeddable":true,"href":"https:\/\/tvc16.com\/portal\/wp-json\/wp\/v2\/categories?post=96938"},{"taxonomy":"post_tag","embeddable":true,"href":"https:\/\/tvc16.com\/portal\/wp-json\/wp\/v2\/tags?post=96938"}],"curies":[{"name":"wp","href":"https:\/\/api.w.org\/{rel}","templated":true}]}}