{"id":96965,"date":"2025-01-07T16:53:44","date_gmt":"2025-01-07T19:53:44","guid":{"rendered":"https:\/\/tvc16.com\/portal\/?p=96965"},"modified":"2025-01-07T17:03:48","modified_gmt":"2025-01-07T20:03:48","slug":"acidente-e-registrado-no-retiro-em-petropolis-duas-pessoas-precisaram-receber-atendimento","status":"publish","type":"post","link":"https:\/\/tvc16.com\/portal\/2025\/01\/07\/acidente-e-registrado-no-retiro-em-petropolis-duas-pessoas-precisaram-receber-atendimento\/","title":{"rendered":"Acidente \u00e9 registrado no Retiro, em Petr\u00f3polis. Duas pessoas precisaram receber atendimento"},"content":{"rendered":"\n<p>Duas pessoas ficaram feridas na tarde desta ter\u00e7a-feira, 6, ap\u00f3s uma colis\u00e3o entre dois ve\u00edculos na localidade do Retiro, em Petr\u00f3polis. O acidente aconteceu por volta das 16h, na Rua Hermog\u00eanio Silva, altura do n\u00famero 697.<\/p>\n\n\n\n<p>O Corpo de Bombeiros foi acionado \u00e0s 15h58, e, de acordo com a corpora\u00e7\u00e3o, um homem e uma mulher foram resgatados pelo SAMU (Servi\u00e7o de Atendimento M\u00f3vel de Urg\u00eancia). O estado de sa\u00fade das v\u00edtimas ainda n\u00e3o foi divulgado.<\/p>\n\n\n\n<p>Por conta da colis\u00e3o, o trecho da Rua Hermog\u00eanio Silva ficou em sistema de &#8220;pare e siga&#8221; at\u00e9 que o local fosse liberado. As equipes de emerg\u00eancia trabalharam para desobstruir a via e garantir a seguran\u00e7a dos envolvidos.<\/p>\n\n\n\n<p>A Turp Transporte informou que, devido a um acidente envolvendo ve\u00edculos particulares, no Retiro, pr\u00f3ximo \u00e0 entrada da Comunidade S\u00e3o Luiz, quatro linhas de \u00f4nibus est\u00e3o com a opera\u00e7\u00e3o afetada, registrando atrasos superiores a 20 minutos entre as viagens. O tr\u00e2nsito est\u00e1 em meia pista, em esquema de pare e siga. As linhas impactadas s\u00e3o: 630 &#8211; Jardim Salvador, 631 &#8211; Roseiral, 632 &#8211; Comunidade S\u00e3o Luiz e 700 &#8211; Terminal Itaipava.<\/p>\n\n\n\n<p>Foto: reprodu\u00e7\u00e3o <\/p>\n","protected":false},"excerpt":{"rendered":"<p>Duas pessoas ficaram feridas na tarde desta ter\u00e7a-feira, 6, ap\u00f3s uma colis\u00e3o entre dois ve\u00edculos<\/p>\n","protected":false},"author":2,"featured_media":96966,"comment_status":"open","ping_status":"open","sticky":false,"template":"","format":"standard","meta":{"footnotes":""},"categories":[12],"tags":[],"class_list":["post-96965","post","type-post","status-publish","format-standard","has-post-thumbnail","hentry","category-cidade"],"_links":{"self":[{"href":"https:\/\/tvc16.com\/portal\/wp-json\/wp\/v2\/posts\/96965","targetHints":{"allow":["GET"]}}],"collection":[{"href":"https:\/\/tvc16.com\/portal\/wp-json\/wp\/v2\/posts"}],"about":[{"href":"https:\/\/tvc16.com\/portal\/wp-json\/wp\/v2\/types\/post"}],"author":[{"embeddable":true,"href":"https:\/\/tvc16.com\/portal\/wp-json\/wp\/v2\/users\/2"}],"replies":[{"embeddable":true,"href":"https:\/\/tvc16.com\/portal\/wp-json\/wp\/v2\/comments?post=96965"}],"version-history":[{"count":2,"href":"https:\/\/tvc16.com\/portal\/wp-json\/wp\/v2\/posts\/96965\/revisions"}],"predecessor-version":[{"id":96969,"href":"https:\/\/tvc16.com\/portal\/wp-json\/wp\/v2\/posts\/96965\/revisions\/96969"}],"wp:featuredmedia":[{"embeddable":true,"href":"https:\/\/tvc16.com\/portal\/wp-json\/wp\/v2\/media\/96966"}],"wp:attachment":[{"href":"https:\/\/tvc16.com\/portal\/wp-json\/wp\/v2\/media?parent=96965"}],"wp:term":[{"taxonomy":"category","embeddable":true,"href":"https:\/\/tvc16.com\/portal\/wp-json\/wp\/v2\/categories?post=96965"},{"taxonomy":"post_tag","embeddable":true,"href":"https:\/\/tvc16.com\/portal\/wp-json\/wp\/v2\/tags?post=96965"}],"curies":[{"name":"wp","href":"https:\/\/api.w.org\/{rel}","templated":true}]}}