{"id":96970,"date":"2025-01-07T17:22:29","date_gmt":"2025-01-07T20:22:29","guid":{"rendered":"https:\/\/tvc16.com\/portal\/?p=96970"},"modified":"2025-01-07T17:22:50","modified_gmt":"2025-01-07T20:22:50","slug":"linhas-de-onibus-das-regioes-do-cascatinha-e-da-estrada-da-saudade-no-centro-serao-transferidas","status":"publish","type":"post","link":"https:\/\/tvc16.com\/portal\/2025\/01\/07\/linhas-de-onibus-das-regioes-do-cascatinha-e-da-estrada-da-saudade-no-centro-serao-transferidas\/","title":{"rendered":"Linhas de \u00f4nibus das regi\u00f5es do Cascatinha e da Estrada da Saudade, no Centro, ser\u00e3o transferidas"},"content":{"rendered":"\n<p>Por conta de interven\u00e7\u00f5es vi\u00e1rias no Bosque do Imperador, no Centro, os \u00f4nibus das linhas das regi\u00f5es do Cascatinha e da Estrada da Saudade, ser\u00e3o transferidos para a Rua da Imperatriz, n\u00b0168 (lateral do Museu Imperial).<\/p>\n\n\n\n<p>As altera\u00e7\u00f5es seguem at\u00e9 o t\u00e9rmino das interven\u00e7\u00f5es.<\/p>\n\n\n\n<p>Confira as linhas:<br>300 \u2013 Terminal Corr\u00eaas via Quissam\u00e3<br>326 \u2013 Boa Vista 327 \u2013 Comunidade do Ventura<br>328 &#8211; Fragoso<br>329 \u2013 Monte Florido<br>330 &#8211; Terminal Corr\u00eaas via Pedro Elmer<br>333 \u2013 Veridiano F\u00e9lix<br>340 \u2013 Terminal Itamarati<\/p>\n\n\n\n<p>Foto: Wikimapia<\/p>\n","protected":false},"excerpt":{"rendered":"<p>Por conta de interven\u00e7\u00f5es vi\u00e1rias no Bosque do Imperador, no Centro, os \u00f4nibus das linhas<\/p>\n","protected":false},"author":2,"featured_media":96971,"comment_status":"open","ping_status":"open","sticky":false,"template":"","format":"standard","meta":{"footnotes":""},"categories":[12],"tags":[],"class_list":["post-96970","post","type-post","status-publish","format-standard","has-post-thumbnail","hentry","category-cidade"],"_links":{"self":[{"href":"https:\/\/tvc16.com\/portal\/wp-json\/wp\/v2\/posts\/96970","targetHints":{"allow":["GET"]}}],"collection":[{"href":"https:\/\/tvc16.com\/portal\/wp-json\/wp\/v2\/posts"}],"about":[{"href":"https:\/\/tvc16.com\/portal\/wp-json\/wp\/v2\/types\/post"}],"author":[{"embeddable":true,"href":"https:\/\/tvc16.com\/portal\/wp-json\/wp\/v2\/users\/2"}],"replies":[{"embeddable":true,"href":"https:\/\/tvc16.com\/portal\/wp-json\/wp\/v2\/comments?post=96970"}],"version-history":[{"count":2,"href":"https:\/\/tvc16.com\/portal\/wp-json\/wp\/v2\/posts\/96970\/revisions"}],"predecessor-version":[{"id":96973,"href":"https:\/\/tvc16.com\/portal\/wp-json\/wp\/v2\/posts\/96970\/revisions\/96973"}],"wp:featuredmedia":[{"embeddable":true,"href":"https:\/\/tvc16.com\/portal\/wp-json\/wp\/v2\/media\/96971"}],"wp:attachment":[{"href":"https:\/\/tvc16.com\/portal\/wp-json\/wp\/v2\/media?parent=96970"}],"wp:term":[{"taxonomy":"category","embeddable":true,"href":"https:\/\/tvc16.com\/portal\/wp-json\/wp\/v2\/categories?post=96970"},{"taxonomy":"post_tag","embeddable":true,"href":"https:\/\/tvc16.com\/portal\/wp-json\/wp\/v2\/tags?post=96970"}],"curies":[{"name":"wp","href":"https:\/\/api.w.org\/{rel}","templated":true}]}}