{"id":96977,"date":"2025-01-08T08:18:49","date_gmt":"2025-01-08T11:18:49","guid":{"rendered":"https:\/\/tvc16.com\/portal\/?p=96977"},"modified":"2025-01-08T08:18:54","modified_gmt":"2025-01-08T11:18:54","slug":"familia-de-jovem-baleada-por-prf-pede-pensao-provisoria-a-justica","status":"publish","type":"post","link":"https:\/\/tvc16.com\/portal\/2025\/01\/08\/familia-de-jovem-baleada-por-prf-pede-pensao-provisoria-a-justica\/","title":{"rendered":"Fam\u00edlia de jovem baleada por PRF pede pens\u00e3o provis\u00f3ria \u00e0 Justi\u00e7a"},"content":{"rendered":"\n<p><em>Atingido por tiro na m\u00e3o, pai de Juliana Rangel n\u00e3o pode trabalhar<\/em><\/p>\n\n\n\n<p>Por Bruno de Freitas Moura &#8211; Rep\u00f3rter da Ag\u00eancia Brasil<br><\/p>\n\n\n\n<p>A fam\u00edlia de Juliana Leite Rangel, baleada na cabe\u00e7a por agentes da Pol\u00edcia Rodovi\u00e1ria Federal (PRF) na v\u00e9spera de Natal (24), pleiteia na Justi\u00e7a uma pens\u00e3o provis\u00f3ria, para que possa se manter financeiramente. O pai da jovem de 26 anos, Alexandre Rangel, \u00e9 mec\u00e2nico e atua por conta pr\u00f3pria, mas n\u00e3o est\u00e1 conseguindo trabalhar. Ele foi baleado na m\u00e3e esquerda.<img decoding=\"async\" src=\"https:\/\/agenciabrasil.ebc.com.br\/ebc.png?id=1626037&amp;o=node\"><img decoding=\"async\" src=\"https:\/\/agenciabrasil.ebc.com.br\/ebc.gif?id=1626037&amp;o=node\"><\/p>\n\n\n\n<p>\u201cTomei um tiro na m\u00e3o. N\u00e3o estou em condi\u00e7\u00f5es de trabalhar. E [tem o motivo] psicol\u00f3gico tamb\u00e9m\u201d, relata Alexandre em um v\u00eddeo publicado no perfil de Instagram da filha dele e irm\u00e3 de Juliana, J\u00e9ssica Rangel.<\/p>\n\n\n\n<p>\u201cEst\u00e1 acabando o dinheiro. Tenho despesas todos os dias aqui com lanche, comida aqui no hospital\u201d, completa o pai, que visita Juliana diariamente no Hospital Municipalizado Ad\u00e3o Pereira Nunes, em Duque de Caxias, na regi\u00e3o metropolitana do Rio de Janeiro.<\/p>\n\n\n\n<p>Segundo J\u00e9ssica, a fam\u00edlia n\u00e3o recebe qualquer ajuda financeira da PRF.<\/p>\n\n\n\n<p>O advogado da fam\u00edlia, Ademir Claudino, afirmou \u00e0&nbsp;<strong>Ag\u00eancia Brasil<\/strong>, nesta quarta-feira (7), que j\u00e1 pleiteou ao Instituto Nacional do Seguro Social (INSS) um benef\u00edcio de aux\u00edlio por incapacidade tempor\u00e1ria, uma vez que o mec\u00e2nico por conta pr\u00f3pria possu\u00eda qualidade de segurado.<\/p>\n\n\n\n<p>\u201cContudo, tal solicita\u00e7\u00e3o se encontra em an\u00e1lise\u201d, relata. \u201cEstamos requerendo uma pens\u00e3o provis\u00f3ria na Justi\u00e7a Federal, enquanto persistir a incapacidade do Alexandre e da Juliana\u201d, revelou o advogado.<\/p>\n\n\n\n<p>Segundo Claudino, Alexandre passar\u00e1 por uma reavalia\u00e7\u00e3o pela equipe m\u00e9dica na quarta-feira (8) para saber se h\u00e1 necessidade de realizar um procedimento cir\u00fargico. \u201cHavendo necessidade, ser\u00e1 acrescida tal informa\u00e7\u00e3o aos requerimentos\u201d, adiantou.<\/p>\n\n\n\n<p>Juliana trabalha como agente de sa\u00fade do munic\u00edpio de Belford Roxo, tamb\u00e9m na regi\u00e3o metropolitana. O advogado tamb\u00e9m fez requerimento para que ela receba o benef\u00edcio de aux\u00edlio por incapacidade tempor\u00e1ria.<\/p>\n\n\n\n<h2 class=\"wp-block-heading\">Resposta da PRF<\/h2>\n\n\n\n<p>Procurada pela&nbsp;<strong>Ag\u00eancia Brasil<\/strong>, a PRF informou no fim do dia que, desde&nbsp;o dia da ocorr\u00eancia, oferece acolhimento aos familiares de Juliana Leite Rangel por parte do Escrit\u00f3rio Regional de Direitos Humanos.<\/p>\n\n\n\n<p>\u201cA institui\u00e7\u00e3o tamb\u00e9m disponibiliza aux\u00edlio log\u00edstico para os deslocamentos necess\u00e1rios \u00e0 fam\u00edlia, al\u00e9m de ofertar apoio psicol\u00f3gico\u201d, completa a nota.<\/p>\n\n\n\n<p>\u201cA PRF permanece \u00e0 disposi\u00e7\u00e3o dos familiares para, dentro dos limites legais, avaliar toda e qualquer nova solicita\u00e7\u00e3o de apoio\u201d, finaliza.<\/p>\n\n\n\n<h2 class=\"wp-block-heading\">Estado de sa\u00fade<\/h2>\n\n\n\n<p>Juliana Rangel segue internada no Centro de Terapia Intensiva (CTI) do Hospital Municipalizado Ad\u00e3o Pereira Nunes. Ela est\u00e1 l\u00facida, consegue movimentar os quatro membros e apresenta melhora progressiva di\u00e1ria, segundo a dire\u00e7\u00e3o da unidade.<\/p>\n\n\n\n<p>\u201cEst\u00e1 recuperando as fun\u00e7\u00f5es motoras e cognitivas, sem sinais de sequelas permanentes irrevers\u00edveis, j\u00e1 sendo iniciado processo de reabilita\u00e7\u00e3o\u201d, informa o boletim m\u00e9dico do dia 6.<\/p>\n\n\n\n<p>O avan\u00e7o mais recente no quadro de Juliana, que respira com ajuda da traqueostomia (procedimento cir\u00fargico que consiste em criar uma abertura na traqueia\/garganta para que o paciente possa respirar) \u00e9 a retirada definitiva do suporte da ventila\u00e7\u00e3o mec\u00e2nica.<\/p>\n\n\n\n<p>Atualmente a paciente realiza fisioterapia respirat\u00f3ria sem aux\u00edlio de aparelhos. No fim de semana, ela ainda precisava da ventila\u00e7\u00e3o mec\u00e2nica por alguns per\u00edodos. No entanto, ainda n\u00e3o h\u00e1 previs\u00e3o de alta do CTI.<\/p>\n\n\n\n<p>\u201cMinha irm\u00e3 est\u00e1 a cada dia melhor, gra\u00e7as a Deus\u201d, disse J\u00e9ssica \u00e0&nbsp;<strong>Ag\u00eancia Brasil<\/strong>. \u201cOntem (6) ela estava com um pouco de falta de ar, s\u00f3 que os m\u00e9dicos falam que \u00e9 normal, tem que botar o pulm\u00e3o para trabalhar\u201d, detalhou.<\/p>\n\n\n\n<p>A expectativa da fam\u00edlia \u00e9 que Juliana possa respirar sem a traqueostomia ainda esta semana.<\/p>\n\n\n\n<p>\u201cPara ela conseguir falar mesmo, sair a voz dela. Ela fica, \u00e0s vezes, ansiosa, querendo falar, e a gente tem que ficar lendo os l\u00e1bios dela para poder entender\u201d, descreveu J\u00e9ssica, seis anos mais velha que a irm\u00e3. \u201c\u00c0s vezes eu n\u00e3o entendo, at\u00e9 pedi desculpa a ela\u201d, relata.<\/p>\n\n\n\n<h2 class=\"wp-block-heading\">Relembre o caso<\/h2>\n\n\n\n<p>Juliana foi atingida por um tiro de fuzil na noite de Natal, dentro do carro da fam\u00edlia, na Rodovia Washington Lu\u00eds (BR-040), em Duque de Caxias. Segundo o pai dela, que dirigia o carro, n\u00e3o havia nenhum motivo para a abordagem a tiros. Ele tamb\u00e9m foi atingido na m\u00e3o esquerda e recebeu alta ainda na noite de ter\u00e7a-feira. O carro da fam\u00edlia, de cinco pessoas, ficou com v\u00e1rias perfura\u00e7\u00f5es por tiro.<\/p>\n\n\n\n<p>A Pol\u00edcia Federal (PF) e o Minist\u00e9rio P\u00fablico Federal (MPF) investigam o caso. O diretor-geral da PRF, Ant\u00f4nio Fernando Souza Oliveira, afirmou que a corpora\u00e7\u00e3o apura todos os casos de excessos durante abordagens policiais feitas pelos seus agentes. Os dois homens e a mulher que participaram da abordagem foram afastados preventivamente de todas as atividades operacionais.<\/p>\n\n\n\n<p>O caso aconteceu horas depois de o&nbsp;<a href=\"https:\/\/www.in.gov.br\/en\/web\/dou\/-\/decreto-n-12.341-de-23-de-dezembro-de-2024-603835855\" target=\"_blank\" rel=\"noreferrer noopener\">governo federal ter publicado um decreto<\/a>&nbsp;para regulamentar o uso da for\u00e7a durante opera\u00e7\u00f5es policiais. Conforme o texto, \u201co emprego de arma de fogo ser\u00e1 medida de \u00faltimo recurso\u201d.<\/p>\n\n\n\n<h2 class=\"wp-block-heading\">Menina morta em 2023<\/h2>\n\n\n\n<p>Em 2023, um outro caso de carro atingido por tiros disparados por policiais rodovi\u00e1rios federais no Rio de Janeiro terminou com a morte da menina Helo\u00edsa dos Santos Silva, de 3 anos. A abordagem foi no dia 7 de setembro, na Rodovia Raphael de Almeida Magalh\u00e3es, conhecida como Arco Metropolitano, na altura do munic\u00edpio de Serop\u00e9dica.<\/p>\n\n\n\n<p>A&nbsp;<a href=\"https:\/\/agenciabrasil.ebc.com.br\/justica\/noticia\/2023-11\/mpf-no-rio-denuncia-policiais-pela-morte-da-menina-heloisa\" target=\"_blank\" rel=\"noreferrer noopener\">den\u00fancia do MPF<\/a>&nbsp;detalha que o pai de Helo\u00edsa, Willian de Souza, dirigia o ve\u00edculo da fam\u00edlia e percebeu que era seguido por uma viatura. Ele ligou a seta e se dirigiu para o acostamento, mas os policiais atiraram contra o carro ainda em movimento.<\/p>\n","protected":false},"excerpt":{"rendered":"<p>Atingido por tiro na m\u00e3o, pai de Juliana Rangel n\u00e3o pode trabalhar Por Bruno de<\/p>\n","protected":false},"author":2,"featured_media":58329,"comment_status":"open","ping_status":"open","sticky":false,"template":"","format":"standard","meta":{"footnotes":""},"categories":[17],"tags":[],"class_list":["post-96977","post","type-post","status-publish","format-standard","has-post-thumbnail","hentry","category-outras-noticias"],"_links":{"self":[{"href":"https:\/\/tvc16.com\/portal\/wp-json\/wp\/v2\/posts\/96977","targetHints":{"allow":["GET"]}}],"collection":[{"href":"https:\/\/tvc16.com\/portal\/wp-json\/wp\/v2\/posts"}],"about":[{"href":"https:\/\/tvc16.com\/portal\/wp-json\/wp\/v2\/types\/post"}],"author":[{"embeddable":true,"href":"https:\/\/tvc16.com\/portal\/wp-json\/wp\/v2\/users\/2"}],"replies":[{"embeddable":true,"href":"https:\/\/tvc16.com\/portal\/wp-json\/wp\/v2\/comments?post=96977"}],"version-history":[{"count":1,"href":"https:\/\/tvc16.com\/portal\/wp-json\/wp\/v2\/posts\/96977\/revisions"}],"predecessor-version":[{"id":96978,"href":"https:\/\/tvc16.com\/portal\/wp-json\/wp\/v2\/posts\/96977\/revisions\/96978"}],"wp:featuredmedia":[{"embeddable":true,"href":"https:\/\/tvc16.com\/portal\/wp-json\/wp\/v2\/media\/58329"}],"wp:attachment":[{"href":"https:\/\/tvc16.com\/portal\/wp-json\/wp\/v2\/media?parent=96977"}],"wp:term":[{"taxonomy":"category","embeddable":true,"href":"https:\/\/tvc16.com\/portal\/wp-json\/wp\/v2\/categories?post=96977"},{"taxonomy":"post_tag","embeddable":true,"href":"https:\/\/tvc16.com\/portal\/wp-json\/wp\/v2\/tags?post=96977"}],"curies":[{"name":"wp","href":"https:\/\/api.w.org\/{rel}","templated":true}]}}