{"id":96979,"date":"2025-01-08T08:20:19","date_gmt":"2025-01-08T11:20:19","guid":{"rendered":"https:\/\/tvc16.com\/portal\/?p=96979"},"modified":"2025-01-08T08:20:22","modified_gmt":"2025-01-08T11:20:22","slug":"correios-lanca-edital-de-inovacao-aberta-para-solucoes-operacionais","status":"publish","type":"post","link":"https:\/\/tvc16.com\/portal\/2025\/01\/08\/correios-lanca-edital-de-inovacao-aberta-para-solucoes-operacionais\/","title":{"rendered":"Correios lan\u00e7a edital de inova\u00e7\u00e3o aberta para solu\u00e7\u00f5es operacionais"},"content":{"rendered":"\n<p><em>Inscri\u00e7\u00f5es podem ser feitas at\u00e9 o dia 2 de fevereiro<\/em><\/p>\n\n\n\n<p>Por Ag\u00eancia Brasil \/ Foto: Jo\u00e9dson Alves\/Ag\u00eancia Brasil<\/p>\n\n\n\n<p><\/p>\n\n\n\n<p>Um edital lan\u00e7ado neste m\u00eas pelos Correios pretende selecionar ideias inovadoras que melhorem servi\u00e7os e resolvam desafios nas \u00e1reas de log\u00edstica, planejamento, inova\u00e7\u00e3o, atendimento, tratamento, transporte e distribui\u00e7\u00e3o. As inscri\u00e7\u00f5es para o edital, chamado de&nbsp;<a href=\"https:\/\/www.correios.com.br\/acesso-a-informacao\/licitacoes-e-contratos\/inova-correios\/inova-correios\" target=\"_blank\" rel=\"noreferrer noopener\">1\u00ba Ciclo de Inova\u00e7\u00e3o Aberta \u2013 Solu\u00e7\u00f5es Operacionais<\/a>, ficar\u00e3o abertas at\u00e9 o dia 2 de fevereiro.<img decoding=\"async\" src=\"https:\/\/agenciabrasil.ebc.com.br\/ebc.png?id=1626053&amp;o=node\"><img decoding=\"async\" src=\"https:\/\/agenciabrasil.ebc.com.br\/ebc.gif?id=1626053&amp;o=node\"><\/p>\n\n\n\n<p>Segundo os Correios, poder\u00e3o participar empresas,&nbsp;<em>startups<\/em>, universidades, pesquisadores, alunos e profissionais de tecnologia da informa\u00e7\u00e3o.<\/p>\n\n\n\n<p>O ciclo ser\u00e1 dividido em tr\u00eas fases \u2013 desafios p\u00fablicos, prototipagem e teste de solu\u00e7\u00e3o inovadora. Durante os 30 dias do prazo para envio de propostas, ser\u00e3o promovidos eventos&nbsp;<em>online<\/em>&nbsp;e disponibilizados materiais de consulta para orientar os participantes.<\/p>\n\n\n\n<p>\u201cEste ciclo \u00e9 um marco para a empresa. Estamos trazendo inova\u00e7\u00e3o para o cora\u00e7\u00e3o de nossas opera\u00e7\u00f5es e conectando nossas demandas reais \u00e0s solu\u00e7\u00f5es tecnol\u00f3gicas do mercado. Isso refor\u00e7a nosso compromisso em criar um ecossistema log\u00edstico mais eficiente e preparado para o futuro\u201d, disse o presidente dos Correios, Fabiano Silva dos Santos.<br><\/p>\n","protected":false},"excerpt":{"rendered":"<p>Inscri\u00e7\u00f5es podem ser feitas at\u00e9 o dia 2 de fevereiro Por Ag\u00eancia Brasil \/ Foto:<\/p>\n","protected":false},"author":2,"featured_media":96980,"comment_status":"open","ping_status":"open","sticky":false,"template":"","format":"standard","meta":{"footnotes":""},"categories":[17],"tags":[],"class_list":["post-96979","post","type-post","status-publish","format-standard","has-post-thumbnail","hentry","category-outras-noticias"],"_links":{"self":[{"href":"https:\/\/tvc16.com\/portal\/wp-json\/wp\/v2\/posts\/96979","targetHints":{"allow":["GET"]}}],"collection":[{"href":"https:\/\/tvc16.com\/portal\/wp-json\/wp\/v2\/posts"}],"about":[{"href":"https:\/\/tvc16.com\/portal\/wp-json\/wp\/v2\/types\/post"}],"author":[{"embeddable":true,"href":"https:\/\/tvc16.com\/portal\/wp-json\/wp\/v2\/users\/2"}],"replies":[{"embeddable":true,"href":"https:\/\/tvc16.com\/portal\/wp-json\/wp\/v2\/comments?post=96979"}],"version-history":[{"count":1,"href":"https:\/\/tvc16.com\/portal\/wp-json\/wp\/v2\/posts\/96979\/revisions"}],"predecessor-version":[{"id":96981,"href":"https:\/\/tvc16.com\/portal\/wp-json\/wp\/v2\/posts\/96979\/revisions\/96981"}],"wp:featuredmedia":[{"embeddable":true,"href":"https:\/\/tvc16.com\/portal\/wp-json\/wp\/v2\/media\/96980"}],"wp:attachment":[{"href":"https:\/\/tvc16.com\/portal\/wp-json\/wp\/v2\/media?parent=96979"}],"wp:term":[{"taxonomy":"category","embeddable":true,"href":"https:\/\/tvc16.com\/portal\/wp-json\/wp\/v2\/categories?post=96979"},{"taxonomy":"post_tag","embeddable":true,"href":"https:\/\/tvc16.com\/portal\/wp-json\/wp\/v2\/tags?post=96979"}],"curies":[{"name":"wp","href":"https:\/\/api.w.org\/{rel}","templated":true}]}}