{"id":9698,"date":"2021-01-17T19:43:14","date_gmt":"2021-01-17T22:43:14","guid":{"rendered":"https:\/\/tvc16.com\/portal\/?p=9698"},"modified":"2021-01-17T19:43:16","modified_gmt":"2021-01-17T22:43:16","slug":"vacinacao-contra-covid-19-comeca-na-quarta-feira-anuncia-pazuello","status":"publish","type":"post","link":"https:\/\/tvc16.com\/portal\/2021\/01\/17\/vacinacao-contra-covid-19-comeca-na-quarta-feira-anuncia-pazuello\/","title":{"rendered":"Vacina\u00e7\u00e3o contra covid-19 come\u00e7a na quarta-feira, anuncia Pazuello"},"content":{"rendered":"\n<h3 class=\"wp-block-heading\">Doses come\u00e7ar\u00e3o a ser entregues aos estados nesta segunda-feira<\/h3>\n\n\n\n<h4 class=\"wp-block-heading\"><\/h4>\n\n\n\n<p>A vacina\u00e7\u00e3o contra a covid-19 come\u00e7a na pr\u00f3xima quarta-feira (20), \u00e0s 10h, em todo o pa\u00eds, para os grupos priorit\u00e1rios. O an\u00fancio foi feito neste domingo (17), pelo ministro da Sa\u00fade, Eduardo Pazuello, durante coletiva no Rio de Janeiro.&nbsp;<img decoding=\"async\" src=\"https:\/\/agenciabrasil.ebc.com.br\/ebc.png?id=1398897&amp;o=node\"><img decoding=\"async\" src=\"https:\/\/agenciabrasil.ebc.com.br\/ebc.gif?id=1398897&amp;o=node\"><\/p>\n\n\n\n<p>Segundo o ministro, ser\u00e3o inicialmente 3 milh\u00f5es de pessoas a serem vacinadas, com duas doses cada uma, totalizando 6 milh\u00f5es de doses da CoronaVac, produzida pela empresa chinesa Sinovac e o Instituto Butantan. O uso emergencial da CoronaVac&nbsp;<a href=\"https:\/\/agenciabrasil.ebc.com.br\/saude\/noticia\/2021-01\/por-unanimidade-anvisa-aprova-uso-emergencial-de-vacinas-contra-covid\" target=\"_blank\" rel=\"noreferrer noopener\">foi aprovado hoje<\/a>&nbsp;(17) pela Ag\u00eancia Nacional de Vigil\u00e2ncia Sanit\u00e1ria (Anvisa).<\/p>\n\n\n\n<p>O ministro abriu a coletiva se solidarizando com as fam\u00edlias das v\u00edtimas e agradecendo aos profissionais de sa\u00fade na linha de frente da pandemia.<\/p>\n\n\n\n<p><\/p>\n\n\n\n<figure class=\"wp-block-image size-large\"><img loading=\"lazy\" decoding=\"async\" width=\"754\" height=\"503\" src=\"https:\/\/tvc16.com\/portal\/wp-content\/uploads\/2021\/01\/saude_eduardo_pazuello_instituto_de_traumatologia_e_ortopedia_tnrgo_abr_17012101034_0.jpg\" alt=\"\" class=\"wp-image-9699\" srcset=\"https:\/\/tvc16.com\/portal\/wp-content\/uploads\/2021\/01\/saude_eduardo_pazuello_instituto_de_traumatologia_e_ortopedia_tnrgo_abr_17012101034_0.jpg 754w, https:\/\/tvc16.com\/portal\/wp-content\/uploads\/2021\/01\/saude_eduardo_pazuello_instituto_de_traumatologia_e_ortopedia_tnrgo_abr_17012101034_0-300x200.jpg 300w\" sizes=\"auto, (max-width: 754px) 100vw, 754px\" \/><figcaption>O ministro da Sa\u00fade, Eduardo Pazuello, em entrevista coletiva no Instituto de Traumatologia e Ortopedia (Into) no Rio de Janeiro.<\/figcaption><\/figure>\n\n\n\n<p><\/p>\n\n\n\n<blockquote class=\"wp-block-quote is-layout-flow wp-block-quote-is-layout-flow\"><p>\u201cQuero come\u00e7ar me solidarizando com cada fam\u00edlia que perdeu um ente querido. J\u00e1 passamos de 200 mil mortes em nosso pa\u00eds. E agradecer a todos os profissionais de sa\u00fade, que j\u00e1 salvaram mais de 7 milh\u00f5es de pessoas v\u00edtimas da covid-19. Hoje o Brasil passa por um momento de grande avan\u00e7o, esperan\u00e7a e conforto aos brasileiros, que aguardavam por esta not\u00edcia. Est\u00e1 dado o primeiro passo para a maior campanha de vacina\u00e7\u00e3o do mundo contra o coronav\u00edrus\u201d, disse Pazuello.<\/p><\/blockquote>\n\n\n\n<p>O ministro afirmou que o importante \u00e9 garantir a todos os estados as doses da vacina, em igualdade de condi\u00e7\u00f5es, respeitando a quest\u00e3o da gravidade local.<\/p>\n\n\n\n<p>\u201cO Minist\u00e9rio da Sa\u00fade tem em m\u00e3os, neste instante, as vacinas, tanto do Butantan quanto da AstraZeneca [em parceria com a Fiocruz]. E n\u00f3s poder\u00edamos, num ato simb\u00f3lico, ou numa jogada de marketing, iniciar a primeira dose em uma pessoa. Mas em respeito a todos os governadores, prefeitos e todos os brasileiros, o Minist\u00e9rio da Sa\u00fade n\u00e3o far\u00e1 isso\u201d, frisou o ministro.<\/p>\n\n\n\n<p>Pazzuelo destacou que existe um pacto federativo hist\u00f3rico entre a Uni\u00e3o e os estados, que dever\u00e1 ser respeitado, com a sa\u00fade da popula\u00e7\u00e3o colocada acima de tudo.<\/p>\n\n\n\n<p>\u201cQuebrar essa pactua\u00e7\u00e3o \u00e9 desprezar a igualdade entre os estados e todos os brasileiros. \u00c9 desprezar a lealdade federativa. Senhores governadores, n\u00e3o permitam movimentos pol\u00edticos eleitoreiros se aproveitando da vacina\u00e7\u00e3o nos seus estados. O \u00fanico objetivo, neste momento, tem que ser o de salvar mais vidas e n\u00e3o fazer propaganda pr\u00f3pria\u201d, destacou o ministro.<\/p>\n\n\n\n<p>Em S\u00e3o Paulo, o&nbsp;<a href=\"https:\/\/agenciabrasil.ebc.com.br\/saude\/noticia\/2021-01\/enfermeira-de-sao-paulo-e-primeira-brasileira-vacinada-contra-covid-19\" target=\"_blank\" rel=\"noreferrer noopener\">governo estadual iniciou hoje a vacina\u00e7\u00e3o<\/a>&nbsp;contra o novo coronav\u00edrus, imunizando uma enfermeira que trabalha na linha de frente contra o v\u00edrus.<\/p>\n\n\n\n<h2 class=\"wp-block-heading\">Distribui\u00e7\u00e3o<\/h2>\n\n\n\n<p>Pazuello comentou como dever\u00e1 ser o processo de vacina\u00e7\u00e3o, a partir de quarta-feira, sendo que a responsabilidade da opera\u00e7\u00e3o log\u00edstica ser\u00e1 dos munic\u00edpios, definindo quem s\u00e3o os grupos priorit\u00e1rios a receberem as primeiras doses. Segundo o ministro, as doses come\u00e7ar\u00e3o a ser entregues aos estados a partir das 7h desta&nbsp;segunda-feira (18), com apoio do Minist\u00e9rio da Defesa, com deslocamento a\u00e9reo.<\/p>\n\n\n\n<p>\u201cOs grupos priorit\u00e1rios s\u00e3o mais controlados. Idosos em instala\u00e7\u00f5es de longa dura\u00e7\u00e3o, que a vacina vai at\u00e9 eles, profissionais de sa\u00fade que est\u00e3o na linha de frente, em que forma de comunica\u00e7\u00e3o \u00e9 em outro n\u00edvel, vai no aplicativo Conecte SUS, onde faz a inscri\u00e7\u00e3o para a vacina\u00e7\u00e3o, os \u00edndios aldeados, [que a vacina\u00e7\u00e3o] vai at\u00e9 a aldeia. Ent\u00e3o esses grupos iniciais s\u00e3o mais simples de serem trabalhados. Isso vai dando tempo para a estrutura se organizar para os p\u00fablicos maiores. Neste momento, os priorit\u00e1rios s\u00e3o muito mais simples de se fazer. E isso est\u00e1 no plano de execu\u00e7\u00e3o do munic\u00edpio, que executa a vacina\u00e7\u00e3o\u201d, explicou o ministro.<\/p>\n\n\n\n<p>Neste domingo (17), a Ag\u00eancia Nacional de Vigil\u00e2ncia Sanit\u00e1ria (Anvisa) recomendou o uso emergencial no pa\u00eds das vacinas CoronaVac, do Instituto Butantan, em parceria com a farmac\u00eautica chinesa Sinovac, e da AstraZeneca, da Funda\u00e7\u00e3o Oswaldo Cruz (Fiocruz), em parceria com o cons\u00f3rcio Astrazeneca\/Oxford.&nbsp;A&nbsp;reuni\u00e3o durou cerca de cinco horas.<\/p>\n\n\n\n<p>No caso da CoronaVac, a\u00a0taxa de sucesso na preven\u00e7\u00e3o da doen\u00e7a em rela\u00e7\u00e3o ao grupo que tomou placebo (medicamento in\u00f3cuo)\u00a0atingiu 50,39%, segundo a ag\u00eancia. Para a AstraZeneca, a\u00a0Anvisa confirmou a efic\u00e1cia global do imunizante em 70,42%.<\/p>\n\n\n\n<p>Por Vladimir Platonow &#8211; Rep\u00f3rter da Ag\u00eancia Brasil &#8211; Rio de Janeiro<\/p>\n\n\n\n<p>Edi\u00e7\u00e3o: Gra\u00e7a Adjuto<\/p>\n","protected":false},"excerpt":{"rendered":"<p>Doses come\u00e7ar\u00e3o a ser entregues aos estados nesta segunda-feira A vacina\u00e7\u00e3o contra a covid-19 come\u00e7a<\/p>\n","protected":false},"author":2,"featured_media":9700,"comment_status":"open","ping_status":"open","sticky":false,"template":"","format":"standard","meta":{"footnotes":""},"categories":[17],"tags":[],"class_list":["post-9698","post","type-post","status-publish","format-standard","has-post-thumbnail","hentry","category-outras-noticias"],"_links":{"self":[{"href":"https:\/\/tvc16.com\/portal\/wp-json\/wp\/v2\/posts\/9698","targetHints":{"allow":["GET"]}}],"collection":[{"href":"https:\/\/tvc16.com\/portal\/wp-json\/wp\/v2\/posts"}],"about":[{"href":"https:\/\/tvc16.com\/portal\/wp-json\/wp\/v2\/types\/post"}],"author":[{"embeddable":true,"href":"https:\/\/tvc16.com\/portal\/wp-json\/wp\/v2\/users\/2"}],"replies":[{"embeddable":true,"href":"https:\/\/tvc16.com\/portal\/wp-json\/wp\/v2\/comments?post=9698"}],"version-history":[{"count":1,"href":"https:\/\/tvc16.com\/portal\/wp-json\/wp\/v2\/posts\/9698\/revisions"}],"predecessor-version":[{"id":9701,"href":"https:\/\/tvc16.com\/portal\/wp-json\/wp\/v2\/posts\/9698\/revisions\/9701"}],"wp:featuredmedia":[{"embeddable":true,"href":"https:\/\/tvc16.com\/portal\/wp-json\/wp\/v2\/media\/9700"}],"wp:attachment":[{"href":"https:\/\/tvc16.com\/portal\/wp-json\/wp\/v2\/media?parent=9698"}],"wp:term":[{"taxonomy":"category","embeddable":true,"href":"https:\/\/tvc16.com\/portal\/wp-json\/wp\/v2\/categories?post=9698"},{"taxonomy":"post_tag","embeddable":true,"href":"https:\/\/tvc16.com\/portal\/wp-json\/wp\/v2\/tags?post=9698"}],"curies":[{"name":"wp","href":"https:\/\/api.w.org\/{rel}","templated":true}]}}