{"id":96995,"date":"2025-01-08T08:54:45","date_gmt":"2025-01-08T11:54:45","guid":{"rendered":"https:\/\/tvc16.com\/portal\/?p=96995"},"modified":"2025-01-08T08:55:08","modified_gmt":"2025-01-08T11:55:08","slug":"inep-divulga-resultados-do-encceja-ppl-e-exterior","status":"publish","type":"post","link":"https:\/\/tvc16.com\/portal\/2025\/01\/08\/inep-divulga-resultados-do-encceja-ppl-e-exterior\/","title":{"rendered":"Inep divulga resultados do Encceja PPL e Exterior"},"content":{"rendered":"\n<p><em>No exterior, exames foram aplicados em 17 cidades<\/em><\/p>\n\n\n\n<p>Por Paula Laboissi\u00e8re \u2013 Rep\u00f3rter da Ag\u00eancia Brasil \/ Foto: Divulga\u00e7\u00e3o\/ MEC<\/p>\n\n\n\n<p><\/p>\n\n\n\n<p>O Instituto Nacional de Estudos e Pesquisas Educacionais An\u00edsio Teixeira (Inep) divulgou, nesta ter\u00e7a-feira (7), em Bras\u00edlia, os resultados individuais do Exame Nacional para Certifica\u00e7\u00e3o de Compet\u00eancias de Jovens e Adultos para Pessoas Privadas de Liberdade ou em medida socioeducativa que inclua priva\u00e7\u00e3o de liberdade (Encceja PPL) 2024 e das vers\u00f5es do exame realizadas fora do Brasil (Encceja Exterior e Encceja PPL exterior).<img decoding=\"async\" src=\"https:\/\/agenciabrasil.ebc.com.br\/ebc.png?id=1626019&amp;o=node\"><img decoding=\"async\" src=\"https:\/\/agenciabrasil.ebc.com.br\/ebc.gif?id=1626019&amp;o=node\"><\/p>\n\n\n\n<p>As notas podem ser consultadas no&nbsp;<a href=\"http:\/\/sistemasespeciais.inep.gov.br\/unidadesprisionais\/\" target=\"_blank\" rel=\"noreferrer noopener\">Sistema PPL<\/a>&nbsp;e no&nbsp;<a href=\"http:\/\/enccejanacional.inep.gov.br\/encceja-exterior\/#!\/inicial\" target=\"_blank\" rel=\"noreferrer noopener\">Sistema Encceja Exterior<\/a>. Segundo o Inep, os resultados dos exames voltados a pessoas privadas de liberdade ou em medida socioeducativa podem ser verificados pelos respons\u00e1veis pedag\u00f3gicos.<\/p>\n\n\n\n<p>O Encceja PPL foi aplicado em territ\u00f3rio nacional nos dias 15 e 16 de outubro de 2024, em unidades prisionais e socioeducativas que aderiram ao exame. O Encceja Exterior PPL ocorreu entre 21 de outubro a 1\u00ba de novembro, em unidades prisionais das cidades japonesas de Nagoya e T\u00f3quio e na capital espanhola &#8211; Madri.<\/p>\n\n\n\n<p>As provas do Encceja Exterior foram realizadas nas seguintes cidades: Frankfurt (Alemanha); Bruxelas (B\u00e9lgica); Barcelona e Madri (Espanha); Boston, Miami e Nova Iorque (Estados Unidos); Paris (Fran\u00e7a); Amsterd\u00e3 (Holanda); Roma (It\u00e1lia); Hamamatsu, Nagoya e T\u00f3quio (Jap\u00e3o); Lisboa (Portugal); Londres (Reino Unido); Genebra (Su\u00ed\u00e7a) e Panamaribo (Suriname).<\/p>\n\n\n\n<p>As aplica\u00e7\u00f5es do exame em outros pa\u00edses s\u00e3o feitas pelo Inep em parceria com o Minist\u00e9rio das Rela\u00e7\u00f5es Exteriores e com representa\u00e7\u00f5es diplom\u00e1ticas do Brasil.<\/p>\n\n\n\n<h2 class=\"wp-block-heading\">Entenda<\/h2>\n\n\n\n<p>Realizado pelo Inep desde 2002, o Encceja possibilita a retomada da trajet\u00f3ria escolar e a certifica\u00e7\u00e3o do ensino fundamental e m\u00e9dio. A participa\u00e7\u00e3o \u00e9 volunt\u00e1ria, gratuita e destinada a jovens e adultos que n\u00e3o conclu\u00edram os estudos na idade apropriada. As provas avaliam compet\u00eancias, habilidades e saberes adquiridos no processo escolar ou extraescolar.<\/p>\n\n\n\n<p>\u201cAs secretarias de Educa\u00e7\u00e3o e os institutos federais utilizam os resultados como par\u00e2metro para certificar os participantes em n\u00edvel de conclus\u00e3o do ensino fundamental e m\u00e9dio. O exame tamb\u00e9m estabelece uma refer\u00eancia nacional para a avalia\u00e7\u00e3o de jovens e adultos, tendo, assim, uma relev\u00e2ncia multidimensional para a educa\u00e7\u00e3o brasileira\u201d, destacou o instituto.<\/p>\n\n\n\n<p>\u201cO Encceja ainda serve de baliza \u00e0 implementa\u00e7\u00e3o de procedimentos e pol\u00edticas para a melhoria da qualidade na oferta da educa\u00e7\u00e3o de jovens e adultos, al\u00e9m de viabilizar o desenvolvimento de estudos e indicadores sobre o sistema educacional brasileiro\u201d, concluiu o Inep.<br><\/p>\n","protected":false},"excerpt":{"rendered":"<p>No exterior, exames foram aplicados em 17 cidades Por Paula Laboissi\u00e8re \u2013 Rep\u00f3rter da Ag\u00eancia<\/p>\n","protected":false},"author":2,"featured_media":96996,"comment_status":"open","ping_status":"open","sticky":false,"template":"","format":"standard","meta":{"footnotes":""},"categories":[17],"tags":[],"class_list":["post-96995","post","type-post","status-publish","format-standard","has-post-thumbnail","hentry","category-outras-noticias"],"_links":{"self":[{"href":"https:\/\/tvc16.com\/portal\/wp-json\/wp\/v2\/posts\/96995","targetHints":{"allow":["GET"]}}],"collection":[{"href":"https:\/\/tvc16.com\/portal\/wp-json\/wp\/v2\/posts"}],"about":[{"href":"https:\/\/tvc16.com\/portal\/wp-json\/wp\/v2\/types\/post"}],"author":[{"embeddable":true,"href":"https:\/\/tvc16.com\/portal\/wp-json\/wp\/v2\/users\/2"}],"replies":[{"embeddable":true,"href":"https:\/\/tvc16.com\/portal\/wp-json\/wp\/v2\/comments?post=96995"}],"version-history":[{"count":1,"href":"https:\/\/tvc16.com\/portal\/wp-json\/wp\/v2\/posts\/96995\/revisions"}],"predecessor-version":[{"id":96997,"href":"https:\/\/tvc16.com\/portal\/wp-json\/wp\/v2\/posts\/96995\/revisions\/96997"}],"wp:featuredmedia":[{"embeddable":true,"href":"https:\/\/tvc16.com\/portal\/wp-json\/wp\/v2\/media\/96996"}],"wp:attachment":[{"href":"https:\/\/tvc16.com\/portal\/wp-json\/wp\/v2\/media?parent=96995"}],"wp:term":[{"taxonomy":"category","embeddable":true,"href":"https:\/\/tvc16.com\/portal\/wp-json\/wp\/v2\/categories?post=96995"},{"taxonomy":"post_tag","embeddable":true,"href":"https:\/\/tvc16.com\/portal\/wp-json\/wp\/v2\/tags?post=96995"}],"curies":[{"name":"wp","href":"https:\/\/api.w.org\/{rel}","templated":true}]}}