{"id":97001,"date":"2025-01-08T09:32:06","date_gmt":"2025-01-08T12:32:06","guid":{"rendered":"https:\/\/tvc16.com\/portal\/?p=97001"},"modified":"2025-01-08T09:32:09","modified_gmt":"2025-01-08T12:32:09","slug":"primeiro-domingo-de-tarifa-zero-em-teresopolis-aumenta-em-quase-50-a-movimentacao-de-passageiros-nos-onibus","status":"publish","type":"post","link":"https:\/\/tvc16.com\/portal\/2025\/01\/08\/primeiro-domingo-de-tarifa-zero-em-teresopolis-aumenta-em-quase-50-a-movimentacao-de-passageiros-nos-onibus\/","title":{"rendered":"Primeiro domingo de Tarifa Zero em Teres\u00f3polis aumenta em quase 50% a movimenta\u00e7\u00e3o de passageiros nos \u00f4nibus\u00a0"},"content":{"rendered":"\n<p>O primeiro dia de opera\u00e7\u00e3o do Programa Doming\u00e3o Tarifa Zero em Teres\u00f3polis (RJ), implantado pela Prefeitura Municipal, no \u00faltimo dia 5, foi marcado pela aprova\u00e7\u00e3o da medida por moradores e turistas e um aumento de quase 50% no movimento de passageiros nos \u00f4nibus das empresas Dedo de Deus e 1\u00ba de Mar\u00e7o que operam o transporte p\u00fablico do munic\u00edpio.\u00a0<br>Os dados apontam que 19.752 pessoas aproveitaram a passagem gratuita, n\u00famero 48% maior do que a m\u00e9dia de 13.341 passageiros registrada nos domingos de novembro e dezembro do ano passado.\u00a0<br>No dia do lan\u00e7amento, o prefeito Leonardo Vasconcellos, ao lado de secret\u00e1rios e vereadores, embarcou em um \u00f4nibus pr\u00f3ximo a tradicional Feirinha do Alto, no bairro tur\u00edstico do Alto, em dire\u00e7\u00e3o ao Centro da cidade, em uma viagem inaugural, simbolizando o in\u00edcio do projeto de incentivo ao uso do transporte coletivo, que tamb\u00e9m teve a tarifa reduzida na \u00faltima segunda-feira (6), de R$ 5,30 para R$ 4,90.\u00a0<br>Ao longo de todo o domingo, fam\u00edlias inteiras, moradores e turistas, embarcaram gratuitamente nos \u00f4nibus para visitar parentes, pontos tur\u00edsticos da cidade e tamb\u00e9m seguir para o trabalho.\u00a0<br>O Programa Doming\u00e3o Tarifa Zero, que instituiu a gratuidade dos \u00f4nibus aos domingos, e o Tarifa Cidad\u00e3, que reduziu o pre\u00e7o da passagem de R$ 5,30 para R$ 4,90, fazem parte da nova pol\u00edtica de mobilidade urbana do munic\u00edpio para incentivar e democratizar o uso do transporte coletivo, reduzindo o valor da tarifa \u00e0 popula\u00e7\u00e3o.\u00a0<br>Um relat\u00f3rio da Pesquisa de Satisfa\u00e7\u00e3o Quali\u00d4nibus, realizada pela WRI Brasil em Teres\u00f3polis, aponta que quase 70% dos passageiros da cidade possuem renda familiar de 1,5 sal\u00e1rio-m\u00ednimo, mostrando o alcance social da medida.\u00a0<br>Al\u00e9m dos domingos, a tarifa zero est\u00e1 prevista nos feriados do Dia do Trabalhador (1\u00ba de maio), Anivers\u00e1rio de Teres\u00f3polis (6 de julho) e Natal (25 de dezembro).\u00a0<\/p>\n","protected":false},"excerpt":{"rendered":"<p>O primeiro dia de opera\u00e7\u00e3o do Programa Doming\u00e3o Tarifa Zero em Teres\u00f3polis (RJ), implantado pela<\/p>\n","protected":false},"author":2,"featured_media":93426,"comment_status":"open","ping_status":"open","sticky":false,"template":"","format":"standard","meta":{"footnotes":""},"categories":[17],"tags":[],"class_list":["post-97001","post","type-post","status-publish","format-standard","has-post-thumbnail","hentry","category-outras-noticias"],"_links":{"self":[{"href":"https:\/\/tvc16.com\/portal\/wp-json\/wp\/v2\/posts\/97001","targetHints":{"allow":["GET"]}}],"collection":[{"href":"https:\/\/tvc16.com\/portal\/wp-json\/wp\/v2\/posts"}],"about":[{"href":"https:\/\/tvc16.com\/portal\/wp-json\/wp\/v2\/types\/post"}],"author":[{"embeddable":true,"href":"https:\/\/tvc16.com\/portal\/wp-json\/wp\/v2\/users\/2"}],"replies":[{"embeddable":true,"href":"https:\/\/tvc16.com\/portal\/wp-json\/wp\/v2\/comments?post=97001"}],"version-history":[{"count":1,"href":"https:\/\/tvc16.com\/portal\/wp-json\/wp\/v2\/posts\/97001\/revisions"}],"predecessor-version":[{"id":97002,"href":"https:\/\/tvc16.com\/portal\/wp-json\/wp\/v2\/posts\/97001\/revisions\/97002"}],"wp:featuredmedia":[{"embeddable":true,"href":"https:\/\/tvc16.com\/portal\/wp-json\/wp\/v2\/media\/93426"}],"wp:attachment":[{"href":"https:\/\/tvc16.com\/portal\/wp-json\/wp\/v2\/media?parent=97001"}],"wp:term":[{"taxonomy":"category","embeddable":true,"href":"https:\/\/tvc16.com\/portal\/wp-json\/wp\/v2\/categories?post=97001"},{"taxonomy":"post_tag","embeddable":true,"href":"https:\/\/tvc16.com\/portal\/wp-json\/wp\/v2\/tags?post=97001"}],"curies":[{"name":"wp","href":"https:\/\/api.w.org\/{rel}","templated":true}]}}