{"id":97003,"date":"2025-01-08T10:25:48","date_gmt":"2025-01-08T13:25:48","guid":{"rendered":"https:\/\/tvc16.com\/portal\/?p=97003"},"modified":"2025-01-08T10:25:51","modified_gmt":"2025-01-08T13:25:51","slug":"jovem-baleada-pela-prf-na-noite-de-natal-tem-piora-no-estado-de-saude","status":"publish","type":"post","link":"https:\/\/tvc16.com\/portal\/2025\/01\/08\/jovem-baleada-pela-prf-na-noite-de-natal-tem-piora-no-estado-de-saude\/","title":{"rendered":"Jovem baleada pela PRF na noite de Natal tem piora no estado de sa\u00fade"},"content":{"rendered":"\n<p><em>Juliana Rangel, de 26 anos, voltou a respirar com ajuda de aparelhos<\/em><\/p>\n\n\n\n<p>Por Bruno de Freitas Moura &#8211; Rep\u00f3rter da Ag\u00eancia Brasil \/ Foto: Pol\u00edcia Rodovi\u00e1ria Federal<br><\/p>\n\n\n\n<p>A jovem Juliana Leite Rangel, baleada na cabe\u00e7a por agentes da Pol\u00edcia Rodovi\u00e1ria Federal (PRF) na v\u00e9spera de Natal (24), teve piora no quadro de sa\u00fade, precisando voltar \u00e0 respira\u00e7\u00e3o mec\u00e2nica e interrompendo o processo de reabilita\u00e7\u00e3o. A informa\u00e7\u00e3o foi divulgada na madrugada desta quarta-feira (8) pela prefeitura de Duque de Caxias, respons\u00e1vel pelo Hospital Municipalizado Ad\u00e3o Pereira Nunes, na regi\u00e3o metropolitana do Rio de Janeiro.<img decoding=\"async\" src=\"https:\/\/agenciabrasil.ebc.com.br\/ebc.png?id=1626101&amp;o=node\"><img decoding=\"async\" src=\"https:\/\/agenciabrasil.ebc.com.br\/ebc.gif?id=1626101&amp;o=node\"><\/p>\n\n\n\n<p>O boletim, elaborado pela dire\u00e7\u00e3o do hospital na noite de ter\u00e7a-feira (7), diz&nbsp;que Juliana apresentou a piora nas 24 horas anteriores.<\/p>\n\n\n\n<p>\u201cVoltou a fazer febre, sinais cl\u00ednicos e laboratoriais de novo quadro infeccioso, necessitando retomar medica\u00e7\u00e3o para controle de press\u00e3o arterial, retorno de seda\u00e7\u00e3o leve e retorno para ventila\u00e7\u00e3o mec\u00e2nica, al\u00e9m de ajustes no tratamento da infec\u00e7\u00e3o\u201d, detalha&nbsp;o comunicado.<\/p>\n\n\n\n<p>\u201cO processo de reabilita\u00e7\u00e3o precisou ser interrompido devido ao agravamento do quadro infeccioso\u201d, acrescenta.<\/p>\n\n\n\n<p>A jovem continua precisando da traqueostomia (procedimento cir\u00fargico que consiste em criar uma abertura na traqueia\/garganta para que o paciente possa respirar).<\/p>\n\n\n\n<h2 class=\"wp-block-heading\">Mudan\u00e7a de quadro<\/h2>\n\n\n\n<p>Nos \u00faltimos dias, Juliana tinha apresentado melhoras, entre elas a retirada da ventila\u00e7\u00e3o mec\u00e2nica, ficando l\u00facida, abrindo os olhos, interagindo com pessoas e movendo os membros.<\/p>\n\n\n\n<p>De acordo com a dire\u00e7\u00e3o do hospital, a paciente segue em terapia intensiva, em acompanhamento pelo servi\u00e7o de neurocirurgia, psicologia e equipe multidisciplinar. N\u00e3o h\u00e1 previs\u00e3o de alta do Centro de Terapia Intensiva (CTI).<\/p>\n\n\n\n<h2 class=\"wp-block-heading\">Relembre o caso<\/h2>\n\n\n\n<p>Juliana Rangel foi atingida por um tiro de fuzil na noite de Natal, dentro do carro da fam\u00edlia, na Rodovia Washington Lu\u00eds (BR-040), em Duque de Caxias. Segundo o pai dela, Alexandre Rangel, que dirigia o carro, n\u00e3o havia nenhum motivo para a abordagem a tiros. Ele tamb\u00e9m foi atingido na m\u00e3o esquerda e recebeu alta ainda na noite de ter\u00e7a-feira. O carro da fam\u00edlia, de cinco pessoas, ficou com v\u00e1rias perfura\u00e7\u00f5es.<\/p>\n\n\n\n<p>A Pol\u00edcia Federal (PF) e o Minist\u00e9rio P\u00fablico Federal (MPF) investigam o caso. O diretor-geral da PRF, Ant\u00f4nio Fernando Souza Oliveira, afirmou que a corpora\u00e7\u00e3o apura todos os casos de excessos durante abordagens policiais feitas pelos seus agentes. Os dois homens e a mulher que participaram da abordagem foram afastados preventivamente de todas as atividades operacionais.<\/p>\n\n\n\n<p>A fam\u00edlia pleiteia na Justi\u00e7a Federal uma&nbsp;<a href=\"https:\/\/agenciabrasil.ebc.com.br\/geral\/noticia\/2025-01\/familia-de-jovem-baleada-por-prf-pede-pensao-provisoria-justica\" target=\"_blank\" rel=\"noreferrer noopener\">pens\u00e3o provis\u00f3ria<\/a>&nbsp;para se manter financeiramente, uma vez que o pai de Juliana, mec\u00e2nico por conta pr\u00f3pria, n\u00e3o pode trabalhar por causa do ferimento na m\u00e3o.<\/p>\n\n\n\n<p>A PRF afirma que disponibiliza aux\u00edlio log\u00edstico para os deslocamentos necess\u00e1rios \u00e0 fam\u00edlia, al\u00e9m de ofertar apoio psicol\u00f3gico.<\/p>\n\n\n\n<h2 class=\"wp-block-heading\">Menina morta em 2023<\/h2>\n\n\n\n<p>Em 2023, outro caso de carro atingido por tiros disparados por policiais rodovi\u00e1rios federais no Rio de Janeiro terminou com a morte da menina Helo\u00edsa dos Santos Silva, de 3 anos. A abordagem foi no dia 7 de setembro, na Rodovia Raphael de Almeida Magalh\u00e3es, conhecida como Arco Metropolitano, na altura do munic\u00edpio de Serop\u00e9dica.<\/p>\n\n\n\n<p>A&nbsp;<a href=\"https:\/\/agenciabrasil.ebc.com.br\/justica\/noticia\/2023-11\/mpf-no-rio-denuncia-policiais-pela-morte-da-menina-heloisa\" target=\"_blank\" rel=\"noreferrer noopener\">den\u00fancia do MPF<\/a>&nbsp;detalha que o pai de Helo\u00edsa, Willian de Souza, dirigia o ve\u00edculo da fam\u00edlia e percebeu que era seguido por uma viatura. Ele ligou a seta e se dirigiu para o acostamento, mas os policiais atiraram contra o carro ainda em movimento.<\/p>\n","protected":false},"excerpt":{"rendered":"<p>Juliana Rangel, de 26 anos, voltou a respirar com ajuda de aparelhos Por Bruno de<\/p>\n","protected":false},"author":2,"featured_media":97004,"comment_status":"open","ping_status":"open","sticky":false,"template":"","format":"standard","meta":{"footnotes":""},"categories":[17],"tags":[],"class_list":["post-97003","post","type-post","status-publish","format-standard","has-post-thumbnail","hentry","category-outras-noticias"],"_links":{"self":[{"href":"https:\/\/tvc16.com\/portal\/wp-json\/wp\/v2\/posts\/97003","targetHints":{"allow":["GET"]}}],"collection":[{"href":"https:\/\/tvc16.com\/portal\/wp-json\/wp\/v2\/posts"}],"about":[{"href":"https:\/\/tvc16.com\/portal\/wp-json\/wp\/v2\/types\/post"}],"author":[{"embeddable":true,"href":"https:\/\/tvc16.com\/portal\/wp-json\/wp\/v2\/users\/2"}],"replies":[{"embeddable":true,"href":"https:\/\/tvc16.com\/portal\/wp-json\/wp\/v2\/comments?post=97003"}],"version-history":[{"count":1,"href":"https:\/\/tvc16.com\/portal\/wp-json\/wp\/v2\/posts\/97003\/revisions"}],"predecessor-version":[{"id":97005,"href":"https:\/\/tvc16.com\/portal\/wp-json\/wp\/v2\/posts\/97003\/revisions\/97005"}],"wp:featuredmedia":[{"embeddable":true,"href":"https:\/\/tvc16.com\/portal\/wp-json\/wp\/v2\/media\/97004"}],"wp:attachment":[{"href":"https:\/\/tvc16.com\/portal\/wp-json\/wp\/v2\/media?parent=97003"}],"wp:term":[{"taxonomy":"category","embeddable":true,"href":"https:\/\/tvc16.com\/portal\/wp-json\/wp\/v2\/categories?post=97003"},{"taxonomy":"post_tag","embeddable":true,"href":"https:\/\/tvc16.com\/portal\/wp-json\/wp\/v2\/tags?post=97003"}],"curies":[{"name":"wp","href":"https:\/\/api.w.org\/{rel}","templated":true}]}}