{"id":97006,"date":"2025-01-08T11:31:37","date_gmt":"2025-01-08T14:31:37","guid":{"rendered":"https:\/\/tvc16.com\/portal\/?p=97006"},"modified":"2025-01-08T11:31:39","modified_gmt":"2025-01-08T14:31:39","slug":"mprj-e-policias-civil-e-militar-prendem-traficantes-em-teresopolis","status":"publish","type":"post","link":"https:\/\/tvc16.com\/portal\/2025\/01\/08\/mprj-e-policias-civil-e-militar-prendem-traficantes-em-teresopolis\/","title":{"rendered":"MPRJ e Pol\u00edcias Civil e Militar prendem traficantes em Teres\u00f3polis"},"content":{"rendered":"\n<p>O Minist\u00e9rio P\u00fablico do Estado do Rio de Janeiro (MPRJ), por meio da 4\u00aa Promotoria de Justi\u00e7a Criminal de Teres\u00f3polis, com apoio de agentes do Grupo de Apoio aos Promotores (GAP\/MPRJ), prendeu, na manh\u00e3 desta quarta-feira (08\/01), dois traficantes do Comando Vermelho. A opera\u00e7\u00e3o est\u00e1 sendo realizada em conjunto com a Pol\u00edcia Civil, por meio da 110\u00aa DP, e a Pol\u00edcia Militar do Estado do Rio de Janeiro, por interm\u00e9dio do 30\u00ba BPM.<\/p>\n\n\n\n<p>F\u00e1bio da Silva de Souza e Welton Barbosa Mendes foram presos na Comunidade da Quinta Lebr\u00e3o, no Complexo do PPR, em Teres\u00f3polis. Entre as apreens\u00f5es est\u00e3o farto material entorpecente, dinheiro, anota\u00e7\u00f5es do tr\u00e1fico de drogas, duas armas de fogo de calibre restrito, muni\u00e7\u00f5es e um aparelho celular.<\/p>\n\n\n\n<p>O material apreendido e as pris\u00f5es v\u00e3o auxiliar nas investiga\u00e7\u00f5es contra a atua\u00e7\u00e3o da organiza\u00e7\u00e3o criminosa que vem aterrorizando a cidade de Teres\u00f3polis, pela pr\u00e1tica de uma s\u00e9rie de homic\u00eddios relacionados o tr\u00e1fico de drogas. Informa\u00e7\u00f5es d\u00e3o conta de que os dois presos de hoje seriam os executores desses homic\u00eddios e as armas apreendidas teriam sido usadas nas execu\u00e7\u00f5es.<\/p>\n\n\n\n<p>Ainda de acordo com as informa\u00e7\u00f5es de intelig\u00eancia, os assassinatos foram ordenados pelo traficante Carlos Eduardo Santos da Silva, conhecido como \u201cGorila\u201d, chefe do Comando Vermelho na comunidade da Quinta Lebr\u00e3o, que atualmente est\u00e1 foragido na capital do Rio de Janeiro.<\/p>\n","protected":false},"excerpt":{"rendered":"<p>O Minist\u00e9rio P\u00fablico do Estado do Rio de Janeiro (MPRJ), por meio da 4\u00aa Promotoria<\/p>\n","protected":false},"author":2,"featured_media":97007,"comment_status":"open","ping_status":"open","sticky":false,"template":"","format":"standard","meta":{"footnotes":""},"categories":[17],"tags":[],"class_list":["post-97006","post","type-post","status-publish","format-standard","has-post-thumbnail","hentry","category-outras-noticias"],"_links":{"self":[{"href":"https:\/\/tvc16.com\/portal\/wp-json\/wp\/v2\/posts\/97006","targetHints":{"allow":["GET"]}}],"collection":[{"href":"https:\/\/tvc16.com\/portal\/wp-json\/wp\/v2\/posts"}],"about":[{"href":"https:\/\/tvc16.com\/portal\/wp-json\/wp\/v2\/types\/post"}],"author":[{"embeddable":true,"href":"https:\/\/tvc16.com\/portal\/wp-json\/wp\/v2\/users\/2"}],"replies":[{"embeddable":true,"href":"https:\/\/tvc16.com\/portal\/wp-json\/wp\/v2\/comments?post=97006"}],"version-history":[{"count":1,"href":"https:\/\/tvc16.com\/portal\/wp-json\/wp\/v2\/posts\/97006\/revisions"}],"predecessor-version":[{"id":97008,"href":"https:\/\/tvc16.com\/portal\/wp-json\/wp\/v2\/posts\/97006\/revisions\/97008"}],"wp:featuredmedia":[{"embeddable":true,"href":"https:\/\/tvc16.com\/portal\/wp-json\/wp\/v2\/media\/97007"}],"wp:attachment":[{"href":"https:\/\/tvc16.com\/portal\/wp-json\/wp\/v2\/media?parent=97006"}],"wp:term":[{"taxonomy":"category","embeddable":true,"href":"https:\/\/tvc16.com\/portal\/wp-json\/wp\/v2\/categories?post=97006"},{"taxonomy":"post_tag","embeddable":true,"href":"https:\/\/tvc16.com\/portal\/wp-json\/wp\/v2\/tags?post=97006"}],"curies":[{"name":"wp","href":"https:\/\/api.w.org\/{rel}","templated":true}]}}