{"id":97011,"date":"2025-01-08T15:29:12","date_gmt":"2025-01-08T18:29:12","guid":{"rendered":"https:\/\/tvc16.com\/portal\/?p=97011"},"modified":"2025-01-08T15:29:14","modified_gmt":"2025-01-08T18:29:14","slug":"arte-da-diplomacia-tera-sessao-especial-no-cineclube-csz-neste-sabado-as-17h","status":"publish","type":"post","link":"https:\/\/tvc16.com\/portal\/2025\/01\/08\/arte-da-diplomacia-tera-sessao-especial-no-cineclube-csz-neste-sabado-as-17h\/","title":{"rendered":"Arte da diplomacia\u00a0ter\u00e1 sess\u00e3o especial no Cineclube CSZ neste s\u00e1bado \u00e0s 17h"},"content":{"rendered":"\n<p><em>O filme, que abriu o Festival do Rio em 2024, detalha epis\u00f3dio esquecido da diplomacia brasileira que envolveu artistas modernistas contra o nazifascismo em 1944.<\/em><\/p>\n\n\n\n<p>Durante a Segunda Guerra Mundial, o Brasil enviou de navio mais de 160 pinturas doadas por 70 artistas modernistas para serem exibidas e leiloadas no Reino Unido. O document\u00e1rio<em>&nbsp;Arte da diplomacia<\/em>, de Zeca Brito, investiga este gesto de diplomacia cultural que uniu territ\u00f3rios e definiu o papel do pa\u00eds na luta contra o nazifascismo. Neste s\u00e1bado, 11 de janeiro de 2025, \u00e0s 17h, o p\u00fablico ter\u00e1 a chance de debater o filme, que traz um fato desconhecido da hist\u00f3ria das artes pl\u00e1sticas brasileira, com o diplomata Hayle Gadelha, o artista-pl\u00e1stico Luiz Aquila e a produtora Celina Torrealba. A entrada \u00e9 franca e reservas podem ser feitas pelo WhatsApp 24 992 566 532.<\/p>\n\n\n\n<p>Na Londres de 1944, em meio aos bombardeios da guerra, a arte moderna brasileira era apresentada ao mundo pela primeira vez. \u201cTem uma certa provoca\u00e7\u00e3o em mandar para os inimigos da Alemanha justamente o tipo de arte que o pr\u00f3prio Hitler mais detesta\u201d, avalia a pesquisadora Clara Marques em uma das falas do filme.&nbsp;<em>Arte da diplomacia<\/em>&nbsp;retrata os meandros deste ato de resist\u00eancia, que ficou esquecido por d\u00e9cadas, enquanto procura novos significados para a arte moderna brasileira do per\u00edodo.<\/p>\n\n\n\n<p>\u201cO filme investiga o modernismo brasileiro em seu primeiro levante de internacionaliza\u00e7\u00e3o\u201d, afirma o diretor Zeca Brito. O longa foi exibido na Argentina, no 11\u00ba FIDBA \u2013 Festival Internacional de Cine Documental de Buenos Aires, passou na mostra de S\u00e3o Paulo e abriu o Festival do Rio em 2024. \u201cUm fascinante epis\u00f3dio em que os artistas e suas obras influenciaram na composi\u00e7\u00e3o geopol\u00edtica, e posicionaram simbolicamente o pa\u00eds na Segunda Guerra Mundial\u2013 arte como&nbsp;<em>soft power<\/em>&nbsp;no combate ao nazifascismo\u201d, conclui Brito.<\/p>\n\n\n\n<p>Baseado nas pesquisas do diplomata Hayle Melim Gadelha, o document\u00e1rio traz relatos de diferentes cr\u00edticos e historiadores da arte com grava\u00e7\u00f5es em Londres e Rio de Janeiro. Com diferentes vers\u00f5es e perspectivas, participam ainda a cr\u00edtica de arte brasileira Aracy Amaral e a inglesa Dawn Ad\u00e8s, as historiadoras Glaucea Britto e Anita Leocadia Ben\u00e1rio Prestes, al\u00e9m de familiares dos artistas que participaram da exposi\u00e7\u00e3o em Londres, como a pesquisadora Lisbeth Rebollo e o pintor Luiz Aquila.<\/p>\n\n\n\n<p><em>Arte da diplomacia<\/em>&nbsp;\u00e9 uma produ\u00e7\u00e3o da Anti Filmes, em coprodu\u00e7\u00e3o com Boulevard Filmes e Donna Features. Assinam a produ\u00e7\u00e3o: Celina Torrealba, Frederico Ruas, Let\u00edcia Friedrich, Sergio Carpi e Zeca Brito. No ano passado, foi o filme escolhido para abrir o Festival do Rio com a presen\u00e7a de importantes personalidades e pol\u00edticos, depois dos atos hediondos em Bras\u00edlia contra as artes e institui\u00e7\u00f5es democr\u00e1ticas brasileiras do dia 8 de janeiro de 2023.<\/p>\n\n\n\n<p>Com apoio do projeto \u201cCineclube Raul Lopes para Todos\u201d, o evento \u00e9 promovido pelo Cineclube CSZ, e \u00e9 uma realiza\u00e7\u00e3o do Governo Federal, Minist\u00e9rio da Cultura, Governo do Estado do Rio de Janeiro, Secretaria de Estado de Cultura e Economia Criativa do Rio de Janeiro e tem o apoio da Petr\u00f3polis Film Commission, atrav\u00e9s da Lei Paulo Gustavo.<\/p>\n\n\n\n<p>Sobre Zeca Brito<\/p>\n\n\n\n<p>Zeca Brito \u00e9 cineasta, atuando como diretor, produtor e roteirista. Mestre em Artes Visuais pela Universidade Federal do Rio Grande do Sul, \u00e9 graduado em Realiza\u00e7\u00e3o Audiovisual pela Universidade do Vale dos Sinos e em Po\u00e9ticas Visuais pela UFRGS. Foi diretor do Instituto Estadual de Cinema do Rio Grande do Sul (2019- 2023). Dirigiu e roteirizou curtas e longas-metragens exibidos e premiados no Brasil e no exterior; \u201cO Guri\u201d (2011), \u201cGlauco do Brasil\u201d (2015), \u201cEm 97 Era Assim\u201d (2017), \u201cA Vida Extra-Ordin\u00e1ria de Tarso de Castro\u201d (2018), \u201cGrupo de Bag\u00e9\u201d (2018), \u201cLegalidade\u201d (2019), \u201cTrinta Povos\u201d (2020) e \u201cHamlet\u201d (2022).<\/p>\n\n\n\n<p>Servi\u00e7o:<\/p>\n\n\n\n<p><em>Arte da diplomacia<\/em>&nbsp;\u2013 exibi\u00e7\u00e3o do document\u00e1rio com a presen\u00e7a de Hayle Gadelha, Celina Torrealba e Luiz Aquila<\/p>\n\n\n\n<p>S\u00e1bado, 11 de janeiro 2025, 17h<\/p>\n\n\n\n<p>Rua Gon\u00e7alves Dias, 34, Valparaiso<\/p>\n\n\n\n<p>Entrada franca<\/p>\n","protected":false},"excerpt":{"rendered":"<p>O filme, que abriu o Festival do Rio em 2024, detalha epis\u00f3dio esquecido da diplomacia<\/p>\n","protected":false},"author":2,"featured_media":97012,"comment_status":"open","ping_status":"open","sticky":false,"template":"","format":"standard","meta":{"footnotes":""},"categories":[12],"tags":[],"class_list":["post-97011","post","type-post","status-publish","format-standard","has-post-thumbnail","hentry","category-cidade"],"_links":{"self":[{"href":"https:\/\/tvc16.com\/portal\/wp-json\/wp\/v2\/posts\/97011","targetHints":{"allow":["GET"]}}],"collection":[{"href":"https:\/\/tvc16.com\/portal\/wp-json\/wp\/v2\/posts"}],"about":[{"href":"https:\/\/tvc16.com\/portal\/wp-json\/wp\/v2\/types\/post"}],"author":[{"embeddable":true,"href":"https:\/\/tvc16.com\/portal\/wp-json\/wp\/v2\/users\/2"}],"replies":[{"embeddable":true,"href":"https:\/\/tvc16.com\/portal\/wp-json\/wp\/v2\/comments?post=97011"}],"version-history":[{"count":1,"href":"https:\/\/tvc16.com\/portal\/wp-json\/wp\/v2\/posts\/97011\/revisions"}],"predecessor-version":[{"id":97013,"href":"https:\/\/tvc16.com\/portal\/wp-json\/wp\/v2\/posts\/97011\/revisions\/97013"}],"wp:featuredmedia":[{"embeddable":true,"href":"https:\/\/tvc16.com\/portal\/wp-json\/wp\/v2\/media\/97012"}],"wp:attachment":[{"href":"https:\/\/tvc16.com\/portal\/wp-json\/wp\/v2\/media?parent=97011"}],"wp:term":[{"taxonomy":"category","embeddable":true,"href":"https:\/\/tvc16.com\/portal\/wp-json\/wp\/v2\/categories?post=97011"},{"taxonomy":"post_tag","embeddable":true,"href":"https:\/\/tvc16.com\/portal\/wp-json\/wp\/v2\/tags?post=97011"}],"curies":[{"name":"wp","href":"https:\/\/api.w.org\/{rel}","templated":true}]}}