{"id":97014,"date":"2025-01-08T15:31:13","date_gmt":"2025-01-08T18:31:13","guid":{"rendered":"https:\/\/tvc16.com\/portal\/?p=97014"},"modified":"2025-01-08T15:32:03","modified_gmt":"2025-01-08T18:32:03","slug":"museu-imperial-iniciou-visitas-orientadas-ao-palacio-imperial-nesta-quarta-feira-08","status":"publish","type":"post","link":"https:\/\/tvc16.com\/portal\/2025\/01\/08\/museu-imperial-iniciou-visitas-orientadas-ao-palacio-imperial-nesta-quarta-feira-08\/","title":{"rendered":"Museu Imperial iniciou visitas orientadas ao Pal\u00e1cio Imperial nesta quarta-feira (08)"},"content":{"rendered":"\n<p>At\u00e9 o dia 1\u00ba de fevereiro de 2025, o Museu Imperial oferecer\u00e1 visitas orientadas ao Pal\u00e1cio Imperial, proporcionando ao p\u00fablico a oportunidade de conhecer melhor\u00a0o principal acervo do pa\u00eds relativo ao imp\u00e9rio brasileiro.<\/p>\n\n\n\n<p>As visitas para o p\u00fablico geral ocorrer\u00e3o de quarta a s\u00e1bado, em hor\u00e1rios fixos: 10h30, 12h30 e 14h30. Para participar, basta adquirir o ingresso na bilheteira e se dirigir ao sagu\u00e3o do pal\u00e1cio, onde os grupos ser\u00e3o organizados e conduzidos pela equipe do Setor Educativo. N\u00e3o h\u00e1 custo adicional pelo servi\u00e7o, e cada grupo ser\u00e1 formado por no m\u00ednimo 1 e no m\u00e1ximo 25 participantes.<\/p>\n\n\n\n<p>J\u00e1 as visitas destinadas a escolas e institui\u00e7\u00f5es, que requerem agendamento pr\u00e9vio, podem ser realizadas \u00e0s quartas e sextas-feiras, \u00e0s 10h e \u00e0s 14h30, e aos s\u00e1bados, \u00e0s 14h30. O agendamento deve ser feito de segunda a sexta-feira, das 9h \u00e0s 18h, pelos telefones (24) 98142-0030 ou (61) 3521-4455.<\/p>\n\n\n\n<p>Todas as visitas s\u00e3o conduzidas por monitores especializados, que auxiliam os participantes na interpreta\u00e7\u00e3o dos objetos e espa\u00e7os do museu. A proposta \u00e9 incentivar reflex\u00f5es sobre os aspectos sociopol\u00edticos, econ\u00f4micos, hist\u00f3ricos e tecnol\u00f3gicos da sociedade brasileira do s\u00e9culo XIX, conectando-os \u00e0 contemporaneidade.<\/p>\n\n\n\n<p>Foto: divulga\u00e7\u00e3o <\/p>\n","protected":false},"excerpt":{"rendered":"<p>At\u00e9 o dia 1\u00ba de fevereiro de 2025, o Museu Imperial oferecer\u00e1 visitas orientadas ao<\/p>\n","protected":false},"author":2,"featured_media":86546,"comment_status":"open","ping_status":"open","sticky":false,"template":"","format":"standard","meta":{"footnotes":""},"categories":[12],"tags":[],"class_list":["post-97014","post","type-post","status-publish","format-standard","has-post-thumbnail","hentry","category-cidade"],"_links":{"self":[{"href":"https:\/\/tvc16.com\/portal\/wp-json\/wp\/v2\/posts\/97014","targetHints":{"allow":["GET"]}}],"collection":[{"href":"https:\/\/tvc16.com\/portal\/wp-json\/wp\/v2\/posts"}],"about":[{"href":"https:\/\/tvc16.com\/portal\/wp-json\/wp\/v2\/types\/post"}],"author":[{"embeddable":true,"href":"https:\/\/tvc16.com\/portal\/wp-json\/wp\/v2\/users\/2"}],"replies":[{"embeddable":true,"href":"https:\/\/tvc16.com\/portal\/wp-json\/wp\/v2\/comments?post=97014"}],"version-history":[{"count":2,"href":"https:\/\/tvc16.com\/portal\/wp-json\/wp\/v2\/posts\/97014\/revisions"}],"predecessor-version":[{"id":97016,"href":"https:\/\/tvc16.com\/portal\/wp-json\/wp\/v2\/posts\/97014\/revisions\/97016"}],"wp:featuredmedia":[{"embeddable":true,"href":"https:\/\/tvc16.com\/portal\/wp-json\/wp\/v2\/media\/86546"}],"wp:attachment":[{"href":"https:\/\/tvc16.com\/portal\/wp-json\/wp\/v2\/media?parent=97014"}],"wp:term":[{"taxonomy":"category","embeddable":true,"href":"https:\/\/tvc16.com\/portal\/wp-json\/wp\/v2\/categories?post=97014"},{"taxonomy":"post_tag","embeddable":true,"href":"https:\/\/tvc16.com\/portal\/wp-json\/wp\/v2\/tags?post=97014"}],"curies":[{"name":"wp","href":"https:\/\/api.w.org\/{rel}","templated":true}]}}