{"id":97017,"date":"2025-01-08T15:59:40","date_gmt":"2025-01-08T18:59:40","guid":{"rendered":"https:\/\/tvc16.com\/portal\/?p=97017"},"modified":"2025-01-08T15:59:49","modified_gmt":"2025-01-08T18:59:49","slug":"obras-no-theatro-dom-pedro-serao-retomadas-na-segunda-feira-13","status":"publish","type":"post","link":"https:\/\/tvc16.com\/portal\/2025\/01\/08\/obras-no-theatro-dom-pedro-serao-retomadas-na-segunda-feira-13\/","title":{"rendered":"Obras no Theatro Dom Pedro ser\u00e3o retomadas na segunda-feira (13)"},"content":{"rendered":"\n<p>As obras de restaura\u00e7\u00e3o do Theatro Dom Pedro ser\u00e3o retomadas na pr\u00f3xima semana. O an\u00fancio foi feito pelo prefeito Hingo Hammes durante vistoria na manh\u00e3 desta quarta-feira (8) ao lado do secret\u00e1rio de Cultura, Adenilson Honorato e do secret\u00e1rio de Obras, Maur\u00edcio Veiga.<\/p>\n\n\n\n<p>&#8220;Na segunda-feira, dia 13, estaremos retomando a obra de todo o complexo do Theatro Dom Pedro para que ainda neste primeiro semestre de 2025 possamos estar entregando esse espa\u00e7o t\u00e3o importante para a cultura da nossa cidade&#8221;, disse o prefeito Hingo Hammes.<\/p>\n\n\n\n<p>O Theatro Dom Pedro est\u00e1 h\u00e1 seis anos fechado para reforma e desde o ano passado as obras est\u00e3o paralisadas. Al\u00e9m da restaura\u00e7\u00e3o, o teatro tamb\u00e9m ganhou elevador acess\u00edvel e o anexo, com salas para aulas de m\u00fasica e dan\u00e7a, est\u00e1 sendo totalmente reformado.<\/p>\n\n\n\n<p>&#8220;Esse teatro \u00e9 um importante equipamento para o setor cultural da nossa cidade e em breve vai estar aberto para nossa classe art\u00edstica&#8221;, comentou o secret\u00e1rio de Cultura, Adenilson Honorato.<\/p>\n\n\n\n<p>&#8220;Vamos dar prosseguimento a est\u00e1 obra para que ainda neste primeiro semestre, o teatro esteja aberto para a popula\u00e7\u00e3o e volte a ser um polo de cultura&#8221;, finalizou o secret\u00e1rio de Obras, Maur\u00edcio Veiga.<\/p>\n","protected":false},"excerpt":{"rendered":"<p>As obras de restaura\u00e7\u00e3o do Theatro Dom Pedro ser\u00e3o retomadas na pr\u00f3xima semana. O an\u00fancio<\/p>\n","protected":false},"author":2,"featured_media":97018,"comment_status":"open","ping_status":"open","sticky":false,"template":"","format":"standard","meta":{"footnotes":""},"categories":[12],"tags":[],"class_list":["post-97017","post","type-post","status-publish","format-standard","has-post-thumbnail","hentry","category-cidade"],"_links":{"self":[{"href":"https:\/\/tvc16.com\/portal\/wp-json\/wp\/v2\/posts\/97017","targetHints":{"allow":["GET"]}}],"collection":[{"href":"https:\/\/tvc16.com\/portal\/wp-json\/wp\/v2\/posts"}],"about":[{"href":"https:\/\/tvc16.com\/portal\/wp-json\/wp\/v2\/types\/post"}],"author":[{"embeddable":true,"href":"https:\/\/tvc16.com\/portal\/wp-json\/wp\/v2\/users\/2"}],"replies":[{"embeddable":true,"href":"https:\/\/tvc16.com\/portal\/wp-json\/wp\/v2\/comments?post=97017"}],"version-history":[{"count":1,"href":"https:\/\/tvc16.com\/portal\/wp-json\/wp\/v2\/posts\/97017\/revisions"}],"predecessor-version":[{"id":97019,"href":"https:\/\/tvc16.com\/portal\/wp-json\/wp\/v2\/posts\/97017\/revisions\/97019"}],"wp:featuredmedia":[{"embeddable":true,"href":"https:\/\/tvc16.com\/portal\/wp-json\/wp\/v2\/media\/97018"}],"wp:attachment":[{"href":"https:\/\/tvc16.com\/portal\/wp-json\/wp\/v2\/media?parent=97017"}],"wp:term":[{"taxonomy":"category","embeddable":true,"href":"https:\/\/tvc16.com\/portal\/wp-json\/wp\/v2\/categories?post=97017"},{"taxonomy":"post_tag","embeddable":true,"href":"https:\/\/tvc16.com\/portal\/wp-json\/wp\/v2\/tags?post=97017"}],"curies":[{"name":"wp","href":"https:\/\/api.w.org\/{rel}","templated":true}]}}