{"id":9702,"date":"2021-01-17T19:49:18","date_gmt":"2021-01-17T22:49:18","guid":{"rendered":"https:\/\/tvc16.com\/portal\/?p=9702"},"modified":"2021-01-17T19:49:20","modified_gmt":"2021-01-17T22:49:20","slug":"brasil-registra-2099-mil-mortes-e-848-milhoes-de-casos-de-covid-19-ate-o-momento-741-milhoes-de-brasileiros-ja-se-recuperaram-da-doenca","status":"publish","type":"post","link":"https:\/\/tvc16.com\/portal\/2021\/01\/17\/brasil-registra-2099-mil-mortes-e-848-milhoes-de-casos-de-covid-19-ate-o-momento-741-milhoes-de-brasileiros-ja-se-recuperaram-da-doenca\/","title":{"rendered":"Brasil registra 209,9 mil mortes e 8,48 milh\u00f5es de casos de covid-19. At\u00e9 o momento, 7,41 milh\u00f5es de brasileiros j\u00e1 se recuperaram da doen\u00e7a"},"content":{"rendered":"\n<p>As mortes pelo novo coronav\u00edrus ao longo da pandemia no Brasil aproximam-se da marca de 210 mil. Nas \u00faltimas 24 horas, as autoridades de sa\u00fade notificaram 551 novos \u00f3bitos, totalizando 209.847.&nbsp;Ontem&nbsp;(16), o painel de informa\u00e7\u00f5es marcava 209.296 mortes acumuladas.<img decoding=\"async\" src=\"https:\/\/agenciabrasil.ebc.com.br\/ebc.png?id=1398922&amp;o=node\"><img decoding=\"async\" src=\"https:\/\/agenciabrasil.ebc.com.br\/ebc.gif?id=1398922&amp;o=node\"><\/p>\n\n\n\n<p>Ainda de acordo com a atualiza\u00e7\u00e3o do Minist\u00e9rio da Sa\u00fade, os casos de covid-19 totalizam 8.488.809. Nas \u00faltimas 24 horas, foram registrados 33.040 novos diagn\u00f3sticos.&nbsp;Ontem, o painel de estat\u00edsticas marcava 8.455.059 casos acumulados.<\/p>\n\n\n\n<p>O balan\u00e7o apontou tamb\u00e9m 866.598 pacientes em acompanhamento. Outros 7.411.654 j\u00e1 se recuperaram da doen\u00e7a.<\/p>\n\n\n\n<h2 class=\"wp-block-heading\">Covid-19 nos estados<\/h2>\n\n\n\n<p>Os estados com mais mortes s\u00e3o S\u00e3o Paulo (49.945), Rio&nbsp;de Janeiro&nbsp;(27.791), Minas Gerais (13.465), Cear\u00e1 (10.223) e Pernambuco (10.020).<\/p>\n\n\n\n<p>As unidades da federa\u00e7\u00e3o com menos \u00f3bitos s\u00e3o Roraima (811), Acre (836), Amap\u00e1 (996), Tocantins (1.313) e Rond\u00f4nia (2.005).<\/p>\n\n\n\n<figure class=\"wp-block-image\"><img decoding=\"async\" src=\"https:\/\/imagens.ebc.com.br\/zajB3AbE7GmOs5LRrwgr3YVl9Is=\/754x0\/smart\/https:\/\/agenciabrasil.ebc.com.br\/sites\/default\/files\/thumbnails\/image\/whatsapp_image_2021-01-17_at_18.48.39.jpeg?itok=pCJe5fAi\" alt=\"Situa\u00e7\u00e3o epidemiol\u00f3gica da covid-19 no Brasil em 17\/01\/2021\" title=\"17\/01\/2021\/Divulga\u00e7\u00e3o\/Minist\u00e9rio da Sa\u00fade\"\/><\/figure>\n\n\n\n<p>Situa\u00e7\u00e3o epidemiol\u00f3gica da covid-19 no Brasil em 17\/01\/2021 &#8211;\u00a0<strong>17\/01\/2021\/Divulga\u00e7\u00e3o\/Minist\u00e9rio da Sa\u00fade<\/strong><\/p>\n\n\n\n<p>Por Wellton M\u00e1ximo \u2013 Rep\u00f3rter da Ag\u00eancia Brasil &#8211; Bras\u00edlia<\/p>\n\n\n\n<p>Edi\u00e7\u00e3o: Bruna Saniele<\/p>\n","protected":false},"excerpt":{"rendered":"<p>As mortes pelo novo coronav\u00edrus ao longo da pandemia no Brasil aproximam-se da marca de<\/p>\n","protected":false},"author":2,"featured_media":9703,"comment_status":"open","ping_status":"open","sticky":false,"template":"","format":"standard","meta":{"footnotes":""},"categories":[17],"tags":[],"class_list":["post-9702","post","type-post","status-publish","format-standard","has-post-thumbnail","hentry","category-outras-noticias"],"_links":{"self":[{"href":"https:\/\/tvc16.com\/portal\/wp-json\/wp\/v2\/posts\/9702","targetHints":{"allow":["GET"]}}],"collection":[{"href":"https:\/\/tvc16.com\/portal\/wp-json\/wp\/v2\/posts"}],"about":[{"href":"https:\/\/tvc16.com\/portal\/wp-json\/wp\/v2\/types\/post"}],"author":[{"embeddable":true,"href":"https:\/\/tvc16.com\/portal\/wp-json\/wp\/v2\/users\/2"}],"replies":[{"embeddable":true,"href":"https:\/\/tvc16.com\/portal\/wp-json\/wp\/v2\/comments?post=9702"}],"version-history":[{"count":1,"href":"https:\/\/tvc16.com\/portal\/wp-json\/wp\/v2\/posts\/9702\/revisions"}],"predecessor-version":[{"id":9704,"href":"https:\/\/tvc16.com\/portal\/wp-json\/wp\/v2\/posts\/9702\/revisions\/9704"}],"wp:featuredmedia":[{"embeddable":true,"href":"https:\/\/tvc16.com\/portal\/wp-json\/wp\/v2\/media\/9703"}],"wp:attachment":[{"href":"https:\/\/tvc16.com\/portal\/wp-json\/wp\/v2\/media?parent=9702"}],"wp:term":[{"taxonomy":"category","embeddable":true,"href":"https:\/\/tvc16.com\/portal\/wp-json\/wp\/v2\/categories?post=9702"},{"taxonomy":"post_tag","embeddable":true,"href":"https:\/\/tvc16.com\/portal\/wp-json\/wp\/v2\/tags?post=9702"}],"curies":[{"name":"wp","href":"https:\/\/api.w.org\/{rel}","templated":true}]}}