{"id":97023,"date":"2025-01-09T05:00:00","date_gmt":"2025-01-09T08:00:00","guid":{"rendered":"https:\/\/tvc16.com\/portal\/?p=97023"},"modified":"2025-01-08T17:33:12","modified_gmt":"2025-01-08T20:33:12","slug":"financiamento-de-veiculos-cresce-204-em-2024","status":"publish","type":"post","link":"https:\/\/tvc16.com\/portal\/2025\/01\/09\/financiamento-de-veiculos-cresce-204-em-2024\/","title":{"rendered":"Financiamento de ve\u00edculos cresce 20,4% em 2024"},"content":{"rendered":"\n<p>No ano passado, mais de 7,2 milh\u00f5es de ve\u00edculos novos e usados foram vendidos de forma financiada, informou nesta quarta-feira (8) a B3, a bolsa de valores de S\u00e3o Paulo. Segundo a B3, isso representou alta de 20,4% em rela\u00e7\u00e3o a 2023, com um incremento de 1,22 milh\u00e3o&nbsp;de unidades, o que inclui ve\u00edculos leves, pesados e motos.<img decoding=\"async\" src=\"https:\/\/agenciabrasil.ebc.com.br\/ebc.png?id=1626244&amp;o=node\"><img decoding=\"async\" src=\"https:\/\/agenciabrasil.ebc.com.br\/ebc.gif?id=1626244&amp;o=node\"><\/p>\n\n\n\n<p>Considerando-se apenas o m\u00eas de dezembro, foram financiados 614 mil ve\u00edculos, alta de 7,3% em rela\u00e7\u00e3o a dezembro de 2023. Esse foi o melhor resultado para o m\u00eas desde 2014, quando foram financiadas 625 mil unidades.<\/p>\n\n\n\n<p>No segmento de autos e comerciais leves, o aumento foi de 19% em todo o ano passado. J\u00e1 entre ve\u00edculos pesados, o crescimento nesse per\u00edodo foi de 13,8%, enquanto o de motos apresentou eleva\u00e7\u00e3o de 25%.<\/p>\n\n\n\n<p>Na rela\u00e7\u00e3o mensal, os financiamentos de autos e comerciais leves apresentaram alta de 5,5% em dezembro do ano passado em rela\u00e7\u00e3o a dezembro de 2023. Nessa mesma compara\u00e7\u00e3o, o segmento de ve\u00edculos pesados apresentou eleva\u00e7\u00e3o de 12,2% e, o de motos, de 12,4%.<\/p>\n\n\n\n<p>\u201cOs resultados de 2024 confirmam um ano bastante positivo, com acr\u00e9scimo de 1,2 milh\u00e3o de ve\u00edculos financiados em rela\u00e7\u00e3o a 2023. Esta \u00e9 a melhor marca desde 2011, quando atingimos 7,7 milh\u00f5es de unidades\u201d, disse o&nbsp;gerente de Planejamento e Intelig\u00eancia de Mercado na B3, Gustavo de Oliveira Ferro, por meio de nota.<\/p>\n\n\n\n<p>Segundo ele, esse desempenho pode ser explicado pelo aquecimento das vendas de ve\u00edculos no varejo, pelo bom desempenho do mercado de trabalho, pelo aumento na concess\u00e3o de cr\u00e9dito e pelos indicadores de inadimpl\u00eancia, que est\u00e3o est\u00e1veis.<\/p>\n\n\n\n<p>Hoje pela manh\u00e3, a Federa\u00e7\u00e3o Nacional da Distribui\u00e7\u00e3o de Ve\u00edculos Automotores (Fenabrave) divulgou que a venda de ve\u00edculos novos \u2013&nbsp;considerando-se autom\u00f3veis e comerciais leves, \u00f4nibus e caminh\u00f5es \u2013&nbsp;teve um desempenho positivo no ano passado, com o emplacamento de 2.634.514 unidades, aumento de 14,15% em rela\u00e7\u00e3o a 2023. Para o presidente da entidade, Arcelio Alves dos Santos J\u00fanior, o&nbsp;<a href=\"https:\/\/agenciabrasil.ebc.com.br\/economia\/noticia\/2025-01\/oferta-de-credito-impulsionou-venda-de-veiculos-em-2024-diz-fenabrave\" target=\"_blank\" rel=\"noreferrer noopener\">resultado se deve&nbsp;principalmente \u00e0&nbsp;oferta de cr\u00e9dito<\/a>.<\/p>\n\n\n\n<p>Elaine Patricia Cruz \u2013 Rep\u00f3rter da Ag\u00eancia Brasil<br>Foto: \u00a9 Marcello Casal Jr.\/Ag\u00eancia Brasil\/Arquivo<br><\/p>\n","protected":false},"excerpt":{"rendered":"<p>No ano passado, mais de 7,2 milh\u00f5es de ve\u00edculos novos e usados foram vendidos de<\/p>\n","protected":false},"author":2,"featured_media":97024,"comment_status":"open","ping_status":"open","sticky":false,"template":"","format":"standard","meta":{"footnotes":""},"categories":[17],"tags":[],"class_list":["post-97023","post","type-post","status-publish","format-standard","has-post-thumbnail","hentry","category-outras-noticias"],"_links":{"self":[{"href":"https:\/\/tvc16.com\/portal\/wp-json\/wp\/v2\/posts\/97023","targetHints":{"allow":["GET"]}}],"collection":[{"href":"https:\/\/tvc16.com\/portal\/wp-json\/wp\/v2\/posts"}],"about":[{"href":"https:\/\/tvc16.com\/portal\/wp-json\/wp\/v2\/types\/post"}],"author":[{"embeddable":true,"href":"https:\/\/tvc16.com\/portal\/wp-json\/wp\/v2\/users\/2"}],"replies":[{"embeddable":true,"href":"https:\/\/tvc16.com\/portal\/wp-json\/wp\/v2\/comments?post=97023"}],"version-history":[{"count":1,"href":"https:\/\/tvc16.com\/portal\/wp-json\/wp\/v2\/posts\/97023\/revisions"}],"predecessor-version":[{"id":97025,"href":"https:\/\/tvc16.com\/portal\/wp-json\/wp\/v2\/posts\/97023\/revisions\/97025"}],"wp:featuredmedia":[{"embeddable":true,"href":"https:\/\/tvc16.com\/portal\/wp-json\/wp\/v2\/media\/97024"}],"wp:attachment":[{"href":"https:\/\/tvc16.com\/portal\/wp-json\/wp\/v2\/media?parent=97023"}],"wp:term":[{"taxonomy":"category","embeddable":true,"href":"https:\/\/tvc16.com\/portal\/wp-json\/wp\/v2\/categories?post=97023"},{"taxonomy":"post_tag","embeddable":true,"href":"https:\/\/tvc16.com\/portal\/wp-json\/wp\/v2\/tags?post=97023"}],"curies":[{"name":"wp","href":"https:\/\/api.w.org\/{rel}","templated":true}]}}