{"id":97026,"date":"2025-01-09T08:41:56","date_gmt":"2025-01-09T11:41:56","guid":{"rendered":"https:\/\/tvc16.com\/portal\/?p=97026"},"modified":"2025-01-09T08:41:58","modified_gmt":"2025-01-09T11:41:58","slug":"entidades-lancam-manifesto-contra-alteracao-de-controle-da-meta","status":"publish","type":"post","link":"https:\/\/tvc16.com\/portal\/2025\/01\/09\/entidades-lancam-manifesto-contra-alteracao-de-controle-da-meta\/","title":{"rendered":"Entidades lan\u00e7am manifesto contra altera\u00e7\u00e3o de controle da Meta"},"content":{"rendered":"\n<p><em>Documento ressalta que mudan\u00e7as colocam em risco quem j\u00e1 \u00e9 vulner\u00e1vel<\/em><\/p>\n\n\n\n<p>Por Bruno Bocchni &#8211; Rep\u00f3rter da Ag\u00eancia Brasil \/ Foto: Marcello Casal jr\/Ag\u00eancia Brasil<\/p>\n\n\n\n<p><\/p>\n\n\n\n<p>A Coaliz\u00e3o Direitos na Rede divulgou nesta quarta-feira (8) um manifesto contra a altera\u00e7\u00e3o nas pol\u00edticas de modera\u00e7\u00e3o da Meta \u2013 controladora das plataformas Facebook, Instagram e Threads.&nbsp;<img decoding=\"async\" src=\"https:\/\/agenciabrasil.ebc.com.br\/ebc.png?id=1626295&amp;o=node\"><img decoding=\"async\" src=\"https:\/\/agenciabrasil.ebc.com.br\/ebc.gif?id=1626295&amp;o=node\"><\/p>\n\n\n\n<p>A&nbsp;<em>big tech anunciou<\/em>, nesta semana, o&nbsp;<a href=\"https:\/\/agenciabrasil.ebc.com.br\/internacional\/noticia\/2025-01\/meta-promete-se-aliar-trump-contra-paises-que-regulam-redes-sociais\" target=\"_blank\" rel=\"noreferrer noopener\">fim do programa de checagem de fatos<\/a>&nbsp;que verifica a veracidade de informa\u00e7\u00f5es que circulam nas redes; o fim de restri\u00e7\u00f5es para assuntos como migra\u00e7\u00e3o e g\u00eanero; e a promo\u00e7\u00e3o de \u201cconte\u00fado c\u00edvico\u201d, entendido como informa\u00e7\u00f5es de teor pol\u00edtico-ideol\u00f3gico.<\/p>\n\n\n\n<p>\u201cSob o pretexto de \u2018restaurar a liberdade de express\u00e3o\u2019, as propostas delineadas n\u00e3o apenas colocam em risco grupos vulnerabilizados que usam esses servi\u00e7os, mas tamb\u00e9m enfraquecem anos de esfor\u00e7os globais para promover um espa\u00e7o digital um pouco mais seguro, inclusivo e democr\u00e1tico\u201d, diz o&nbsp;<a href=\"https:\/\/direitosnarede.org.br\/2025\/01\/08\/contra-o-retrocesso-na-moderacao-de-conteudo-da-meta-e-os-ataques-a-regulacao-democratica-do-espaco-digital\/\" target=\"_blank\" rel=\"noreferrer noopener\">texto assinado por mais de 75 entidades<\/a>.<\/p>\n\n\n\n<p>\u201cA empresa sinaliza que n\u00e3o ter\u00e1 mais a\u00e7\u00f5es de modera\u00e7\u00e3o de conte\u00fados contra desinforma\u00e7\u00e3o, discurso de \u00f3dio e outras pol\u00edticas de prote\u00e7\u00e3o a favor das pessoas mais vulnerabilizadas. O CEO da Meta explicitamente admite aceitar os riscos de que essas novas pol\u00edticas possam filtrar menos conte\u00fados nocivos do que as anteriores\u201d, acrescenta o texto.<\/p>\n\n\n\n<p>O documento \u00e9 assinado, entre outras entidades, pelo Instituto de Defesa de Consumidores (Idec), Central \u00danica dos Trabalhadores (CUT), Associa\u00e7\u00e3o Brasileira de Juristas Pela Democracia (ABJD), Associa\u00e7\u00e3o Brasileira de Organiza\u00e7\u00f5es N\u00e3o Governamentais (Abong), A\u00e7\u00e3o Educativa, e Intervozes &#8211; Coletivo Brasil de Comunica\u00e7\u00e3o Social.<\/p>\n\n\n\n<p>De acordo com o texto, atualmente, j\u00e1 s\u00e3o falhas as pol\u00edticas de modera\u00e7\u00e3o de conte\u00fado das redes da Meta, tornando poss\u00edveis pr\u00e1ticas de viol\u00eancia de g\u00eanero, a\u00e7\u00f5es contra a prote\u00e7\u00e3o de crian\u00e7as e adolescentes, e permitindo o crescimento de grupos que propagam discurso de \u00f3dio e desinforma\u00e7\u00e3o.<\/p>\n\n\n\n<p>Para a coaliz\u00e3o, as novas medidas propostas pioram a situa\u00e7\u00e3o ao negligenciar os impactos reais dessas pr\u00e1ticas de viol\u00eancia online, &#8220;al\u00e9m de abrir caminho para a prolifera\u00e7\u00e3o de conte\u00fados prejudiciais que desestabilizam sociedades e minam processos democr\u00e1ticos\u201d.<\/p>\n\n\n\n<p>O texto diz ainda que a Meta ataca de forma aberta os esfor\u00e7os democr\u00e1ticos de na\u00e7\u00f5es em proteger suas popula\u00e7\u00f5es contra os danos provocados pelas&nbsp;<em>big techs<\/em>. \u201cCom isso, prioriza, mais uma vez, os interesses estadunidenses e os lucros de sua corpora\u00e7\u00e3o em detrimento da constru\u00e7\u00e3o de ambientes digitais que prezam pela seguran\u00e7a de seus consumidores\u201d.<\/p>\n\n\n\n<p>\u201cO an\u00fancio [da Meta] \u00e9 emblem\u00e1tico de um problema estrutural: a concentra\u00e7\u00e3o de poder nas m\u00e3os de corpora\u00e7\u00f5es que atuam como \u00e1rbitros do espa\u00e7o p\u00fablico digital, enquanto ignoram as consequ\u00eancias de suas decis\u00f5es para bilh\u00f5es de usu\u00e1rios. Esse retrocesso n\u00e3o pode ser visto como um mero ajuste de pol\u00edticas corporativas, mas como um ataque frontal desse monop\u00f3lio de plataformas digitais \u00e0s conquistas de uma internet mais segura e democr\u00e1tica\u201d.<br><\/p>\n","protected":false},"excerpt":{"rendered":"<p>Documento ressalta que mudan\u00e7as colocam em risco quem j\u00e1 \u00e9 vulner\u00e1vel Por Bruno Bocchni &#8211;<\/p>\n","protected":false},"author":2,"featured_media":97027,"comment_status":"open","ping_status":"open","sticky":false,"template":"","format":"standard","meta":{"footnotes":""},"categories":[17],"tags":[],"class_list":["post-97026","post","type-post","status-publish","format-standard","has-post-thumbnail","hentry","category-outras-noticias"],"_links":{"self":[{"href":"https:\/\/tvc16.com\/portal\/wp-json\/wp\/v2\/posts\/97026","targetHints":{"allow":["GET"]}}],"collection":[{"href":"https:\/\/tvc16.com\/portal\/wp-json\/wp\/v2\/posts"}],"about":[{"href":"https:\/\/tvc16.com\/portal\/wp-json\/wp\/v2\/types\/post"}],"author":[{"embeddable":true,"href":"https:\/\/tvc16.com\/portal\/wp-json\/wp\/v2\/users\/2"}],"replies":[{"embeddable":true,"href":"https:\/\/tvc16.com\/portal\/wp-json\/wp\/v2\/comments?post=97026"}],"version-history":[{"count":1,"href":"https:\/\/tvc16.com\/portal\/wp-json\/wp\/v2\/posts\/97026\/revisions"}],"predecessor-version":[{"id":97028,"href":"https:\/\/tvc16.com\/portal\/wp-json\/wp\/v2\/posts\/97026\/revisions\/97028"}],"wp:featuredmedia":[{"embeddable":true,"href":"https:\/\/tvc16.com\/portal\/wp-json\/wp\/v2\/media\/97027"}],"wp:attachment":[{"href":"https:\/\/tvc16.com\/portal\/wp-json\/wp\/v2\/media?parent=97026"}],"wp:term":[{"taxonomy":"category","embeddable":true,"href":"https:\/\/tvc16.com\/portal\/wp-json\/wp\/v2\/categories?post=97026"},{"taxonomy":"post_tag","embeddable":true,"href":"https:\/\/tvc16.com\/portal\/wp-json\/wp\/v2\/tags?post=97026"}],"curies":[{"name":"wp","href":"https:\/\/api.w.org\/{rel}","templated":true}]}}