{"id":97044,"date":"2025-01-09T08:51:35","date_gmt":"2025-01-09T11:51:35","guid":{"rendered":"https:\/\/tvc16.com\/portal\/?p=97044"},"modified":"2025-01-09T08:51:37","modified_gmt":"2025-01-09T11:51:37","slug":"vendas-de-automoveis-e-comerciais-leves-crescem-1402-diz-fenabrave","status":"publish","type":"post","link":"https:\/\/tvc16.com\/portal\/2025\/01\/09\/vendas-de-automoveis-e-comerciais-leves-crescem-1402-diz-fenabrave\/","title":{"rendered":"Vendas de autom\u00f3veis e comerciais leves crescem 14,02%, diz Fenabrave"},"content":{"rendered":"\n<p><em>Em todos os segmentos, houve alta de 2,11% em rela\u00e7\u00e3o a novembro<\/em><\/p>\n\n\n\n<p>Por Elaine Patricia Cruz \u2013 Rep\u00f3rter da Ag\u00eancia Brasil \/ Foto: arquivo\/ag\u00eancia brasil<\/p>\n\n\n\n<p><\/p>\n\n\n\n<p>As vendas de ve\u00edculos novos, considerando-se apenas os autom\u00f3veis e comerciais leves (picapes e furg\u00f5es), tiveram desempenho positivo em 2024, com crescimento de 14,02% em rela\u00e7\u00e3o a 2023. Ao todo, foram emplacadas 2.484.740 unidades.<img decoding=\"async\" src=\"https:\/\/agenciabrasil.ebc.com.br\/ebc.png?id=1626142&amp;o=node\"><img decoding=\"async\" src=\"https:\/\/agenciabrasil.ebc.com.br\/ebc.gif?id=1626142&amp;o=node\"><\/p>\n\n\n\n<p>A informa\u00e7\u00e3o foi divulgada hoje (8), em S\u00e3o Paulo, pela Federa\u00e7\u00e3o Nacional da Distribui\u00e7\u00e3o de Ve\u00edculos Automotores (Fenabrave).<\/p>\n\n\n\n<p>Somando-se a venda de \u00f4nibus e caminh\u00f5es com a de comerciais leves, o resultado tamb\u00e9m foi positivo, com o emplacamento de 2.634.514 unidades, aumento de 14,15% em rela\u00e7\u00e3o a 2023.<\/p>\n\n\n\n<p>Quando se considera o emplacamento de todos os segmentos somados (autom\u00f3veis, comerciais leves, caminh\u00f5es, \u00f4nibus, motocicletas, implementos rodovi\u00e1rios e outros ve\u00edculos), o crescimento foi de 15,49% no per\u00edodo, com a comercializa\u00e7\u00e3o de 4.744.179 unidades.<\/p>\n\n\n\n<p>Para 2025, a expectativa da Fenabrave \u00e9 de crescimento de 7% no total, considerando-se todos os segmentos somados.<\/p>\n\n\n\n<h2 class=\"wp-block-heading\">Dezembro<\/h2>\n\n\n\n<p>Em dezembro, a venda de autom\u00f3veis e comerciais leves apresentou expans\u00e3o de 1,04% em rela\u00e7\u00e3o a novembro e de 3,01% na compara\u00e7\u00e3o com dezembro de 2023, totalizando 243.691 unidades emplacadas.<\/p>\n\n\n\n<p>No total de todos os segmentos, houve aumento de 2,11% em rela\u00e7\u00e3o a novembro e de 7,11% em rela\u00e7\u00e3o a dezembro de 2023, somando 428.415 unidades.<\/p>\n\n\n\n<p><br><\/p>\n","protected":false},"excerpt":{"rendered":"<p>Em todos os segmentos, houve alta de 2,11% em rela\u00e7\u00e3o a novembro Por Elaine Patricia<\/p>\n","protected":false},"author":2,"featured_media":97045,"comment_status":"open","ping_status":"open","sticky":false,"template":"","format":"standard","meta":{"footnotes":""},"categories":[17],"tags":[],"class_list":["post-97044","post","type-post","status-publish","format-standard","has-post-thumbnail","hentry","category-outras-noticias"],"_links":{"self":[{"href":"https:\/\/tvc16.com\/portal\/wp-json\/wp\/v2\/posts\/97044","targetHints":{"allow":["GET"]}}],"collection":[{"href":"https:\/\/tvc16.com\/portal\/wp-json\/wp\/v2\/posts"}],"about":[{"href":"https:\/\/tvc16.com\/portal\/wp-json\/wp\/v2\/types\/post"}],"author":[{"embeddable":true,"href":"https:\/\/tvc16.com\/portal\/wp-json\/wp\/v2\/users\/2"}],"replies":[{"embeddable":true,"href":"https:\/\/tvc16.com\/portal\/wp-json\/wp\/v2\/comments?post=97044"}],"version-history":[{"count":1,"href":"https:\/\/tvc16.com\/portal\/wp-json\/wp\/v2\/posts\/97044\/revisions"}],"predecessor-version":[{"id":97046,"href":"https:\/\/tvc16.com\/portal\/wp-json\/wp\/v2\/posts\/97044\/revisions\/97046"}],"wp:featuredmedia":[{"embeddable":true,"href":"https:\/\/tvc16.com\/portal\/wp-json\/wp\/v2\/media\/97045"}],"wp:attachment":[{"href":"https:\/\/tvc16.com\/portal\/wp-json\/wp\/v2\/media?parent=97044"}],"wp:term":[{"taxonomy":"category","embeddable":true,"href":"https:\/\/tvc16.com\/portal\/wp-json\/wp\/v2\/categories?post=97044"},{"taxonomy":"post_tag","embeddable":true,"href":"https:\/\/tvc16.com\/portal\/wp-json\/wp\/v2\/tags?post=97044"}],"curies":[{"name":"wp","href":"https:\/\/api.w.org\/{rel}","templated":true}]}}