{"id":9705,"date":"2021-01-17T20:03:33","date_gmt":"2021-01-17T23:03:33","guid":{"rendered":"https:\/\/tvc16.com\/portal\/?p=9705"},"modified":"2021-01-17T20:03:39","modified_gmt":"2021-01-17T23:03:39","slug":"governador-em-exercicio-claudio-castro-viaja-para-sao-paulo-onde-participara-de-um-encontro-de-governadores-com-o-ministro-da-saude-eduardo-pazuello-para-trazer-as-doses-de-vacina-para-o-rio-o-min","status":"publish","type":"post","link":"https:\/\/tvc16.com\/portal\/2021\/01\/17\/governador-em-exercicio-claudio-castro-viaja-para-sao-paulo-onde-participara-de-um-encontro-de-governadores-com-o-ministro-da-saude-eduardo-pazuello-para-trazer-as-doses-de-vacina-para-o-rio-o-min\/","title":{"rendered":"Governador em exerc\u00edcio Cl\u00e1udio Castro viaja para S\u00e3o Paulo, onde participar\u00e1 de um encontro de governadores com o ministro da Sa\u00fade, Eduardo Pazuello, para trazer as doses de vacina para o Rio. O ministro anunciou que a vacina\u00e7\u00e3o come\u00e7a quarta-feira, dia 20, em todo o Pa\u00eds."},"content":{"rendered":"\n<p><\/p>\n\n\n\n<p>O governo do Estado do Rio de Janeiro, atrav\u00e9s das equipes t\u00e9cnicas da Secretaria de Estado de Sa\u00fade, est\u00e1 preparado para a orienta\u00e7\u00e3o e o apoio na aplica\u00e7\u00e3o das vacinas CoronaVac e Oxford\/Astrazeneca a todos os 92 munic\u00edpios do Rio de Janeiro, de forma simult\u00e2nea e proporcional. A aprova\u00e7\u00e3o, hoje, pela Ag\u00eancia Nacional de Vigil\u00e2ncia Sanit\u00e1ria (Anvisa), do uso emergencial representa uma importante etapa vencida no combate ao novo coronav\u00edrus. <\/p>\n\n\n\n<p>&#8220;Essa \u00e9 uma vacina\u00e7\u00e3o para todos, sem discrimina\u00e7\u00e3o, mantendo e respeitando as institui\u00e7\u00f5es. Confiamos nos t\u00e9cnicos da Anvisa, no Plano Nacional de Imuniza\u00e7\u00e3o e agora todos os estados, todos os munic\u00edpios, juntos, ser\u00e3o atendidos. Ser\u00e1 uma vacina para todos&#8221; &#8211; ressaltou o governador em exerc\u00edcio Cl\u00e1udio Castro.<\/p>\n\n\n\n<p>A Secretaria de Estado de Sa\u00fade (SES) vai seguir o Plano Nacional de Imuniza\u00e7\u00e3o (PNI) do Minist\u00e9rio da Sa\u00fade, que prev\u00ea a distribui\u00e7\u00e3o de vacinas contra a Covid-19 para todos os estados do Pa\u00eds. O PNI, que h\u00e1 mais de 45 anos \u00e9 o respons\u00e1vel pelas campanhas de vacina\u00e7\u00e3o brasileira, acontecer\u00e1 inicialmente em quatro fases, obedecendo a crit\u00e9rios log\u00edsticos de recebimento e distribui\u00e7\u00e3o das doses.<\/p>\n\n\n\n<p>A primeira fase prioriza os trabalhadores de sa\u00fade, a popula\u00e7\u00e3o idosa a partir de 75 anos de idade, pessoas com 60 anos ou mais que vivem em institui\u00e7\u00f5es de longa perman\u00eancia e popula\u00e7\u00e3o ind\u00edgena. A segunda fase inclui pessoas de 60 a 74 anos. A terceira fase prev\u00ea a vacina\u00e7\u00e3o de pessoas com comorbidades. A quarta fase abranger\u00e1 professores, for\u00e7as de seguran\u00e7a e salvamento, funcion\u00e1rios do sistema prisional e a popula\u00e7\u00e3o privada de liberdade.<\/p>\n\n\n\n<ul class=\"wp-block-list\"><li>A vacina\u00e7\u00e3o \u00e9 o in\u00edcio do processo que vai nos devolver uma vida parecida com a que t\u00ednhamos antes dessa pandemia. Mas n\u00e3o podemos descuidar dos cuidados com a preven\u00e7\u00e3o, o uso de m\u00e1scara, o distanciamento e a higiene das m\u00e3os &#8211; alerta o secret\u00e1rio de Estado de Sa\u00fade, Carlos Alberto Chaves.<\/li><\/ul>\n\n\n\n<p>Toda a prepara\u00e7\u00e3o para a vacina\u00e7\u00e3o no Rio de Janeiro est\u00e1 pronta. Foram definidos 1,5 mil postos de sa\u00fade e cl\u00ednicas da fam\u00edlia que devem participar da imuniza\u00e7\u00e3o. A Secretaria Estadual de Sa\u00fade pode abrir mais 3 mil pontos de apoio, utilizando espa\u00e7os de escolas, supermercados, shoppings e quart\u00e9is dos Bombeiros.<\/p>\n\n\n\n<p>Neste domingo, a SES realizou o segundo dia de distribui\u00e7\u00e3o de seringas para os munic\u00edpios fluminenses. Ontem, foram enviados 3.346.800 de seringas com agulha para 30 cidades. Hoje, foram distribu\u00eddas 115.500 seringas descart\u00e1veis de 3ml com agulha para outros 19 munic\u00edpios. Ao todo, nesta primeira fase, a SES enviar\u00e1 5,5 milh\u00f5es de kits para todo o Estado. Uma mega-opera\u00e7\u00e3o, com apoio da Pol\u00edcia Militar, foi montada para realizar a distribui\u00e7\u00e3o do material para todas as regi\u00f5es fluminenses.<\/p>\n\n\n\n<p>.As equipes t\u00e9cnicas da Secretaria de Estado de Sa\u00fade e dos munic\u00edpios est\u00e3o capacitadas para o monitoramento e ter\u00e3o o apoio do grupo t\u00e9cnico j\u00e1 constitu\u00eddo pela subsecretaria de Vigil\u00e2ncia em Sa\u00fade.<\/p>\n\n\n\n<ul class=\"wp-block-list\"><li>A popula\u00e7\u00e3o-alvo para vacina\u00e7\u00e3o pode e precisa acreditar na import\u00e2ncia deste momento, ap\u00f3s avalia\u00e7\u00e3o criteriosa realizada pela Anvisa, definindo a seguran\u00e7a de ambas. Os dois imunizantes trar\u00e3o diminui\u00e7\u00e3o de casos no enfrentamento \u00e0 doen\u00e7a. A vacina\u00e7\u00e3o aumentar\u00e1 a prote\u00e7\u00e3o individual e coletiva da popula\u00e7\u00e3o &#8211; avalia a subsecret\u00e1ria de Vigil\u00e2ncia em Sa\u00fade, Cl\u00e1udia Mello.<\/li><\/ul>\n\n\n\n<p>No in\u00edcio de janeiro, o governador em exerc\u00edcio se reuniu com a presidente da Funda\u00e7\u00e3o Oswaldo Cruz (Fiocruz), N\u00edsia Trindade, para uma visita a Bio-Manguinhos, o centro de produ\u00e7\u00e3o ser\u00e1 respons\u00e1vel pela vacina de Oxford\/AstraZeneca no pa\u00eds. A expectativa \u00e9 que, em abril, toda a fabrica\u00e7\u00e3o desse imunizante no Brasil seja realizada pela Fiocruz, que prev\u00ea a entrega de 100 milh\u00f5es de doses at\u00e9 julho.<\/p>\n\n\n\n<p>Em dezembro, o Governo do Estado e a Fiocruz assinaram a escritura definitiva do terreno onde ser\u00e1 instalado o Complexo Industrial de Biotecnologia em Sa\u00fade (CIBS), no Distrito Industrial de Santa Cruz, na Zona Oeste da capital. O espa\u00e7o, cedido pela Companhia de Desenvolvimento Industrial do Estado do Rio de Janeiro (Codin), receber\u00e1 a maior f\u00e1brica de vacinas da Am\u00e9rica Latina, que vai quadruplicar a capacidade de produ\u00e7\u00e3o anual de frascos de imunizantes e biof\u00e1rmacos da Fiocruz.<\/p>\n","protected":false},"excerpt":{"rendered":"<p>O governo do Estado do Rio de Janeiro, atrav\u00e9s das equipes t\u00e9cnicas da Secretaria de<\/p>\n","protected":false},"author":2,"featured_media":9604,"comment_status":"open","ping_status":"open","sticky":false,"template":"","format":"standard","meta":{"footnotes":""},"categories":[17],"tags":[],"class_list":["post-9705","post","type-post","status-publish","format-standard","has-post-thumbnail","hentry","category-outras-noticias"],"_links":{"self":[{"href":"https:\/\/tvc16.com\/portal\/wp-json\/wp\/v2\/posts\/9705","targetHints":{"allow":["GET"]}}],"collection":[{"href":"https:\/\/tvc16.com\/portal\/wp-json\/wp\/v2\/posts"}],"about":[{"href":"https:\/\/tvc16.com\/portal\/wp-json\/wp\/v2\/types\/post"}],"author":[{"embeddable":true,"href":"https:\/\/tvc16.com\/portal\/wp-json\/wp\/v2\/users\/2"}],"replies":[{"embeddable":true,"href":"https:\/\/tvc16.com\/portal\/wp-json\/wp\/v2\/comments?post=9705"}],"version-history":[{"count":1,"href":"https:\/\/tvc16.com\/portal\/wp-json\/wp\/v2\/posts\/9705\/revisions"}],"predecessor-version":[{"id":9706,"href":"https:\/\/tvc16.com\/portal\/wp-json\/wp\/v2\/posts\/9705\/revisions\/9706"}],"wp:featuredmedia":[{"embeddable":true,"href":"https:\/\/tvc16.com\/portal\/wp-json\/wp\/v2\/media\/9604"}],"wp:attachment":[{"href":"https:\/\/tvc16.com\/portal\/wp-json\/wp\/v2\/media?parent=9705"}],"wp:term":[{"taxonomy":"category","embeddable":true,"href":"https:\/\/tvc16.com\/portal\/wp-json\/wp\/v2\/categories?post=9705"},{"taxonomy":"post_tag","embeddable":true,"href":"https:\/\/tvc16.com\/portal\/wp-json\/wp\/v2\/tags?post=9705"}],"curies":[{"name":"wp","href":"https:\/\/api.w.org\/{rel}","templated":true}]}}