{"id":97056,"date":"2025-01-09T09:02:29","date_gmt":"2025-01-09T12:02:29","guid":{"rendered":"https:\/\/tvc16.com\/portal\/?p=97056"},"modified":"2025-01-09T09:02:58","modified_gmt":"2025-01-09T12:02:58","slug":"estacio-petropolis-promove-workshop-de-desenvolvimento-empresarial-no-brasil-com-gestao-de-pessoas","status":"publish","type":"post","link":"https:\/\/tvc16.com\/portal\/2025\/01\/09\/estacio-petropolis-promove-workshop-de-desenvolvimento-empresarial-no-brasil-com-gestao-de-pessoas\/","title":{"rendered":"Est\u00e1cio Petr\u00f3polis promove Workshop de Desenvolvimento Empresarial no Brasil com Gest\u00e3o de Pessoas"},"content":{"rendered":"\n<p><em>O evento est\u00e1 marcado para o dia 13 de janeiro e as inscri\u00e7\u00f5es gratuitas est\u00e3o abertas aos interessados<\/em><\/p>\n\n\n\n<p>No pr\u00f3ximo dia 13 a Est\u00e1cio Petr\u00f3polis promove o Workshop de Desenvolvimento Empresarial no Brasil com Gest\u00e3o de Pessoas. O evento gratuito marcado para come\u00e7ar \u00e0s 9h30, no audit\u00f3rio do campus j\u00e1 est\u00e1 com inscri\u00e7\u00f5es abertas e podem ser realizadas atrav\u00e9s do link: https:\/\/forms.gle\/LxRoX2zQw6crX9Mh7. \u00c9 um encontro exclusivo para profissionais de Recursos Humanos, voltado para impulsionar o crescimento empresarial no pa\u00eds com foco estrat\u00e9gico em Gest\u00e3o de Pessoas.<\/p>\n\n\n\n<p>\u201cNosso objetivo \u00e9 oferecer aos participantes insights importantes sobre as melhores pr\u00e1ticas de gest\u00e3o, inspirando l\u00edderes e empreendedores a transformar seus neg\u00f3cios por meio do engajamento e do desenvolvimento de suas equipes Acreditamos que, ao investir nas pessoas, as empresas alcan\u00e7am n\u00e3o apenas resultados mais sustent\u00e1veis e inovadores, mas tamb\u00e9m constroem um ambiente de trabalho mais colaborativo e motivador\u201d, disse Patr\u00edcia Bach, diretora da Est\u00e1dio Petr\u00f3polis.<\/p>\n\n\n\n<p>A programa\u00e7\u00e3o vai contar com Coffee break a partir das 9h30 e \u00e0s 10h acontecer\u00e1 o Momento Est\u00e1cio. Em seguida, para \u00e0s 10h30, est\u00e1 agendada a palestra \u201cRela\u00e7\u00f5es Humanas e Lideran\u00e7a\u201d, ministrada por Silvane Fernandes, oficial superior da For\u00e7a Armada \u2013 Marinha do Brasil. \u00c0s 12h haver\u00e1 um intervalo e as atividades retornam \u00e0s 13h30 com a palestra \u201cFelicidade no Trabalho: como construir uma carreira com prop\u00f3sito\u201d, com Ananisa Silva de Souza, gestora de Recursos Humanos da Editora Vozes. O encerramento est\u00e1 previsto para \u00e0s 15h.<\/p>\n\n\n\n<p>A Est\u00e1cio Petr\u00f3polis fica na Rua Bingen, n\u00ba 50, no bairro Bingen. Mais informa\u00e7\u00f5es podem ser consultadas pelos telefones 24 99975-9167 e 24 08154-0104 (Whatsapp).<\/p>\n","protected":false},"excerpt":{"rendered":"<p>O evento est\u00e1 marcado para o dia 13 de janeiro e as inscri\u00e7\u00f5es gratuitas est\u00e3o<\/p>\n","protected":false},"author":2,"featured_media":17521,"comment_status":"open","ping_status":"open","sticky":false,"template":"","format":"standard","meta":{"footnotes":""},"categories":[12],"tags":[],"class_list":["post-97056","post","type-post","status-publish","format-standard","has-post-thumbnail","hentry","category-cidade"],"_links":{"self":[{"href":"https:\/\/tvc16.com\/portal\/wp-json\/wp\/v2\/posts\/97056","targetHints":{"allow":["GET"]}}],"collection":[{"href":"https:\/\/tvc16.com\/portal\/wp-json\/wp\/v2\/posts"}],"about":[{"href":"https:\/\/tvc16.com\/portal\/wp-json\/wp\/v2\/types\/post"}],"author":[{"embeddable":true,"href":"https:\/\/tvc16.com\/portal\/wp-json\/wp\/v2\/users\/2"}],"replies":[{"embeddable":true,"href":"https:\/\/tvc16.com\/portal\/wp-json\/wp\/v2\/comments?post=97056"}],"version-history":[{"count":1,"href":"https:\/\/tvc16.com\/portal\/wp-json\/wp\/v2\/posts\/97056\/revisions"}],"predecessor-version":[{"id":97057,"href":"https:\/\/tvc16.com\/portal\/wp-json\/wp\/v2\/posts\/97056\/revisions\/97057"}],"wp:featuredmedia":[{"embeddable":true,"href":"https:\/\/tvc16.com\/portal\/wp-json\/wp\/v2\/media\/17521"}],"wp:attachment":[{"href":"https:\/\/tvc16.com\/portal\/wp-json\/wp\/v2\/media?parent=97056"}],"wp:term":[{"taxonomy":"category","embeddable":true,"href":"https:\/\/tvc16.com\/portal\/wp-json\/wp\/v2\/categories?post=97056"},{"taxonomy":"post_tag","embeddable":true,"href":"https:\/\/tvc16.com\/portal\/wp-json\/wp\/v2\/tags?post=97056"}],"curies":[{"name":"wp","href":"https:\/\/api.w.org\/{rel}","templated":true}]}}