{"id":97058,"date":"2025-01-09T10:24:54","date_gmt":"2025-01-09T13:24:54","guid":{"rendered":"https:\/\/tvc16.com\/portal\/?p=97058"},"modified":"2025-01-09T10:24:56","modified_gmt":"2025-01-09T13:24:56","slug":"vendas-no-comercio-caem-04-de-outubro-para-novembro-diz-ibge","status":"publish","type":"post","link":"https:\/\/tvc16.com\/portal\/2025\/01\/09\/vendas-no-comercio-caem-04-de-outubro-para-novembro-diz-ibge\/","title":{"rendered":"Vendas no com\u00e9rcio caem 0,4% de outubro para novembro, diz IBGE"},"content":{"rendered":"\n<p><em>Resultado foi impactado pelo setor de m\u00f3veis e eletrodom\u00e9sticos<\/em><\/p>\n\n\n\n<p>Por Bruno de Freitas Moura &#8211; Rep\u00f3rter da Ag\u00eancia Brasil \/ Foto: Arquivo\/Fabio Rodrigues Pozzebom\/Ag\u00eancia Brasil<\/p>\n\n\n\n<p><\/p>\n\n\n\n<p>As vendas no com\u00e9rcio brasileiro recuaram 0,4% na passagem de outubro para novembro. O resultado foi impactado negativamente pelo setor de m\u00f3veis e eletrodom\u00e9sticos, mas \u00e9 considerado dentro do patamar de estabilidade. Esse desempenho do com\u00e9rcio faz o setor deixar o ponto mais alto da s\u00e9rie hist\u00f3rica, atingido em outubro de 2024, quando tinha crescido 0,4% ante setembro.<img decoding=\"async\" src=\"https:\/\/agenciabrasil.ebc.com.br\/ebc.png?id=1626315&amp;o=node\"><img decoding=\"async\" src=\"https:\/\/agenciabrasil.ebc.com.br\/ebc.gif?id=1626315&amp;o=node\"><\/p>\n\n\n\n<p>Os dados fazem parte da Pesquisa Mensal de Com\u00e9rcio, divulgado nesta quinta-feira (9) pelo Instituto Brasileiro de Geografia e Estat\u00edstica (IBGE).<\/p>\n\n\n\n<p>No acumulado dos 11 meses de 2024, o com\u00e9rcio varejista soma alta de 5% ante o mesmo per\u00edodo de 2023. Em 12 meses, o ac\u00famulo positivo \u00e9 4,6% &#8211;&nbsp; 26\u00ba m\u00eas seguido de alta nesse tipo de compara\u00e7\u00e3o acumulada. J\u00e1 na compara\u00e7\u00e3o com novembro de 2023, o setor cresceu 4,7%.<\/p>\n\n\n\n<p>O gerente da pesquisa Cristiano Santos, explica que a varia\u00e7\u00e3o de 0,4% \u00e9 considerada uma estabilidade e n\u00e3o rompe o comportamento do ano de alta nas vendas (+0,4%), sendo \u201cbastante expressivo quando comparado a anos anteriores\u201d. Ele lembra que de janeiro a maio de 2024, o com\u00e9rcio teve cinco meses seguidos de alta.<\/p>\n\n\n\n<h2 class=\"wp-block-heading\">Segmentos<\/h2>\n\n\n\n<p>Na passagem de outubro para novembro, o IBGE apurou recuo de vendas em cinco das oito atividades pesquisadas. A maior influ\u00eancia de baixa veio de m\u00f3veis e eletrodom\u00e9sticos, que recuou 2,8%.<\/p>\n\n\n\n<p>Cristino aponta que o resultado de m\u00f3veis e eletrodom\u00e9sticos em novembro n\u00e3o suprime o avan\u00e7o de outubro, quando se expandiu 7,8%, reflexo de uma \u201cantecipa\u00e7\u00e3o de promo\u00e7\u00f5es relacionadas \u00e0&nbsp;<em>Black Friday<\/em>\u201d.<\/p>\n\n\n\n<p>Outros segmentos com queda nas vendas foram artigos farmac\u00eauticos, m\u00e9dicos, ortop\u00e9dicos e de perfumaria (-2,2%), livros, jornais, revistas e papelaria (-1,5%), outros artigos de uso pessoal e dom\u00e9stico (-1,0%) e hiper, supermercados, produtos aliment\u00edcios, bebidas e fumo (-0,1%).<\/p>\n\n\n\n<p>Segundo Santos, o comportamento dos supermercados, que representam 53,2% do varejo nacional, representa uma acomoda\u00e7\u00e3o ap\u00f3s crescimentos recentes. &#8220;\u00c9 o setor que mais se aproxima do seu valor m\u00e1ximo&#8221;, diz. A infla\u00e7\u00e3o dos alimentos tamb\u00e9m explica esse recuo de 0,1% perante o ponto mais alto, de outubro de 2024.<\/p>\n\n\n\n<p>No lado do crescimento de vendas figuram equipamentos e material para escrit\u00f3rio, inform\u00e1tica e comunica\u00e7\u00e3o (3,5%), combust\u00edveis e lubrificantes (1,5%) e tecidos, vestu\u00e1rio e cal\u00e7ados (1,4%).<\/p>\n\n\n\n<p>O chamado varejo ampliado, uma vers\u00e3o da pesquisa que inclui al\u00e9m do varejo, as atividades de ve\u00edculos, motos, partes e pe\u00e7as, material de constru\u00e7\u00e3o e atacado especializado de produtos aliment\u00edcios, bebidas e fumo, as vendas ca\u00edram 1,8% na passagem de outubro para novembro. No ano, o acumulo \u00e9 positivo de 4,4% e, em 12 meses, 4%.<br><\/p>\n","protected":false},"excerpt":{"rendered":"<p>Resultado foi impactado pelo setor de m\u00f3veis e eletrodom\u00e9sticos Por Bruno de Freitas Moura &#8211;<\/p>\n","protected":false},"author":2,"featured_media":97059,"comment_status":"open","ping_status":"open","sticky":false,"template":"","format":"standard","meta":{"footnotes":""},"categories":[17],"tags":[],"class_list":["post-97058","post","type-post","status-publish","format-standard","has-post-thumbnail","hentry","category-outras-noticias"],"_links":{"self":[{"href":"https:\/\/tvc16.com\/portal\/wp-json\/wp\/v2\/posts\/97058","targetHints":{"allow":["GET"]}}],"collection":[{"href":"https:\/\/tvc16.com\/portal\/wp-json\/wp\/v2\/posts"}],"about":[{"href":"https:\/\/tvc16.com\/portal\/wp-json\/wp\/v2\/types\/post"}],"author":[{"embeddable":true,"href":"https:\/\/tvc16.com\/portal\/wp-json\/wp\/v2\/users\/2"}],"replies":[{"embeddable":true,"href":"https:\/\/tvc16.com\/portal\/wp-json\/wp\/v2\/comments?post=97058"}],"version-history":[{"count":1,"href":"https:\/\/tvc16.com\/portal\/wp-json\/wp\/v2\/posts\/97058\/revisions"}],"predecessor-version":[{"id":97060,"href":"https:\/\/tvc16.com\/portal\/wp-json\/wp\/v2\/posts\/97058\/revisions\/97060"}],"wp:featuredmedia":[{"embeddable":true,"href":"https:\/\/tvc16.com\/portal\/wp-json\/wp\/v2\/media\/97059"}],"wp:attachment":[{"href":"https:\/\/tvc16.com\/portal\/wp-json\/wp\/v2\/media?parent=97058"}],"wp:term":[{"taxonomy":"category","embeddable":true,"href":"https:\/\/tvc16.com\/portal\/wp-json\/wp\/v2\/categories?post=97058"},{"taxonomy":"post_tag","embeddable":true,"href":"https:\/\/tvc16.com\/portal\/wp-json\/wp\/v2\/tags?post=97058"}],"curies":[{"name":"wp","href":"https:\/\/api.w.org\/{rel}","templated":true}]}}