{"id":97061,"date":"2025-01-10T07:28:00","date_gmt":"2025-01-10T10:28:00","guid":{"rendered":"https:\/\/tvc16.com\/portal\/?p=97061"},"modified":"2025-01-09T10:28:27","modified_gmt":"2025-01-09T13:28:27","slug":"firjan-industria-brasileira-tem-crescimento-limitado-em-2024-e-desafios-estruturais-para-2025","status":"publish","type":"post","link":"https:\/\/tvc16.com\/portal\/2025\/01\/10\/firjan-industria-brasileira-tem-crescimento-limitado-em-2024-e-desafios-estruturais-para-2025\/","title":{"rendered":"Firjan: Ind\u00fastria brasileira tem crescimento limitado em 2024 e desafios estruturais para 2025"},"content":{"rendered":"\n<p><em>Federa\u00e7\u00e3o das Ind\u00fastrias do Estado do Rio de Janeiro considera imprescind\u00edvel pol\u00edticas econ\u00f4micas estruturantes para restabelecer a confian\u00e7a no cen\u00e1rio fiscal e a redu\u00e7\u00e3o sustent\u00e1vel na taxa de juros<\/em><\/p>\n\n\n\n<p><\/p>\n\n\n\n<p>Embora a Produ\u00e7\u00e3o Industrial tenha registrado sua segunda queda consecutiva na compara\u00e7\u00e3o mensal (-0,6%), o setor acumulou um crescimento de 3,2% no ano at\u00e9 novembro, impulsionado pelo desempenho do segmento de transforma\u00e7\u00e3o (+3,7%) e do extrativo (+0,7%). No entanto, mesmo com o desempenho positivo observado em 2024, segundo o IBGE, a ind\u00fastria ainda opera 15,1% abaixo do pico hist\u00f3rico alcan\u00e7ado em maio de 2011, em um contexto marcado pela perda de confian\u00e7a no setor.<\/p>\n\n\n\n<p>&#8220;Esse cen\u00e1rio evidencia entraves estruturais que comprometem a competitividade nacional, como o baixo investimento em infraestrutura, educa\u00e7\u00e3o e ambiente de neg\u00f3cios, pilares fundamentais para impulsionar o crescimento e a inova\u00e7\u00e3o no setor&#8221;, destaca o economista-chefe da Federa\u00e7\u00e3o das Ind\u00fastrias do Estado do Rio de Janeiro (Firjan), Jonathas Goulart.&nbsp;<\/p>\n\n\n\n<p>Para 2025, as perspectivas s\u00e3o ainda mais desafiadoras. A combina\u00e7\u00e3o de juros elevados e alta do d\u00f3lar tende a pressionar os custos de produ\u00e7\u00e3o e a desestimular investimentos cruciais para o fortalecimento da competitividade industrial. Diante disso, \u00e9 imprescind\u00edvel pol\u00edticas econ\u00f4micas estruturantes que restabele\u00e7am a confian\u00e7a no cen\u00e1rio fiscal.<\/p>\n\n\n\n<p>Esse caminho permitir\u00e1 a redu\u00e7\u00e3o sustent\u00e1vel das taxas de juros. &#8220;Al\u00e9m disso, criar\u00e1 um ambiente mais favor\u00e1vel para investimentos em inova\u00e7\u00e3o e capital humano, indispens\u00e1veis para que a ind\u00fastria nacional se torne mais competitiva e impulsione o crescimento econ\u00f4mico de forma sustent\u00e1vel&#8221;, avalia&nbsp;Goulart.&nbsp;<\/p>\n","protected":false},"excerpt":{"rendered":"<p>Federa\u00e7\u00e3o das Ind\u00fastrias do Estado do Rio de Janeiro considera imprescind\u00edvel pol\u00edticas econ\u00f4micas estruturantes para<\/p>\n","protected":false},"author":2,"featured_media":93696,"comment_status":"open","ping_status":"open","sticky":false,"template":"","format":"standard","meta":{"footnotes":""},"categories":[17],"tags":[],"class_list":["post-97061","post","type-post","status-publish","format-standard","has-post-thumbnail","hentry","category-outras-noticias"],"_links":{"self":[{"href":"https:\/\/tvc16.com\/portal\/wp-json\/wp\/v2\/posts\/97061","targetHints":{"allow":["GET"]}}],"collection":[{"href":"https:\/\/tvc16.com\/portal\/wp-json\/wp\/v2\/posts"}],"about":[{"href":"https:\/\/tvc16.com\/portal\/wp-json\/wp\/v2\/types\/post"}],"author":[{"embeddable":true,"href":"https:\/\/tvc16.com\/portal\/wp-json\/wp\/v2\/users\/2"}],"replies":[{"embeddable":true,"href":"https:\/\/tvc16.com\/portal\/wp-json\/wp\/v2\/comments?post=97061"}],"version-history":[{"count":1,"href":"https:\/\/tvc16.com\/portal\/wp-json\/wp\/v2\/posts\/97061\/revisions"}],"predecessor-version":[{"id":97062,"href":"https:\/\/tvc16.com\/portal\/wp-json\/wp\/v2\/posts\/97061\/revisions\/97062"}],"wp:featuredmedia":[{"embeddable":true,"href":"https:\/\/tvc16.com\/portal\/wp-json\/wp\/v2\/media\/93696"}],"wp:attachment":[{"href":"https:\/\/tvc16.com\/portal\/wp-json\/wp\/v2\/media?parent=97061"}],"wp:term":[{"taxonomy":"category","embeddable":true,"href":"https:\/\/tvc16.com\/portal\/wp-json\/wp\/v2\/categories?post=97061"},{"taxonomy":"post_tag","embeddable":true,"href":"https:\/\/tvc16.com\/portal\/wp-json\/wp\/v2\/tags?post=97061"}],"curies":[{"name":"wp","href":"https:\/\/api.w.org\/{rel}","templated":true}]}}