{"id":97073,"date":"2025-01-09T13:17:13","date_gmt":"2025-01-09T16:17:13","guid":{"rendered":"https:\/\/tvc16.com\/portal\/?p=97073"},"modified":"2025-01-09T13:17:15","modified_gmt":"2025-01-09T16:17:15","slug":"uerj-teresopolis-inscricoes-para-pos-graduacao-em-desenvolvimento-territorial-seguem-ate-10-02","status":"publish","type":"post","link":"https:\/\/tvc16.com\/portal\/2025\/01\/09\/uerj-teresopolis-inscricoes-para-pos-graduacao-em-desenvolvimento-territorial-seguem-ate-10-02\/","title":{"rendered":"UERJ Teres\u00f3polis: Inscri\u00e7\u00f5es para P\u00f3s-gradua\u00e7\u00e3o em Desenvolvimento Territorial seguem at\u00e9 10\/02"},"content":{"rendered":"\n<p><em>Ser\u00e3o oferecidas 30 vagas, 21 de ampla concorr\u00eancia e 9 para sistema de cotas<\/em><\/p>\n\n\n\n<p><em>Teres\u00f3polis, 8 de janeiro de 2025<\/em>&nbsp;&#8211; As inscri\u00e7\u00f5es para a P\u00f3s-Gradua\u00e7\u00e3o em Desenvolvimento Territorial, no Campus Teres\u00f3polis da Universidade do Estado do Rio de Janeiro (UERJ), seguem at\u00e9 o pr\u00f3ximo dia 10 de fevereiro. Ser\u00e3o oferecidas 30 vagas, 21 de ampla concorr\u00eancia e 9 para&nbsp;o sistema de cotas (conforme edital). O curso \u00e9 gratuito e tem dura\u00e7\u00e3o de 15 meses, na modalidade presencial. A previs\u00e3o \u00e9 de que as aulas sejam iniciadas em abril. Informa\u00e7\u00f5es e inscri\u00e7\u00f5es:&nbsp;<a rel=\"noreferrer noopener\" target=\"_blank\" href=\"https:\/\/na01.safelinks.protection.outlook.com\/?url=http%3A%2F%2Fwww.dtur.uerj.br%2F&amp;data=05%7C02%7C%7Cf83e10f816a94d5ac7fc08dd30b98a25%7C84df9e7fe9f640afb435aaaaaaaaaaaa%7C1%7C0%7C638720295622714160%7CUnknown%7CTWFpbGZsb3d8eyJFbXB0eU1hcGkiOnRydWUsIlYiOiIwLjAuMDAwMCIsIlAiOiJXaW4zMiIsIkFOIjoiTWFpbCIsIldUIjoyfQ%3D%3D%7C0%7C%7C%7C&amp;sdata=BbOzcxd4B0eyJbiScEjM1wwYymSyLHeXMNbZ0TnzvIQ%3D&amp;reserved=0\">www.dtur.uerj.br<\/a>,&nbsp;e-mail&nbsp;<a href=\"mailto:ppgdt.uerj@gmail.com\">ppgdt.uerj@gmail.com<\/a>&nbsp;e telefone (21) 3641-0846\/5381. O curso \u00e9 ofertado no campus da UERJ em Teres\u00f3polis. Av. L\u00facio Meira, 233 &#8211; V\u00e1rzea.<\/p>\n\n\n\n<p>A&nbsp;especializa\u00e7\u00e3o tem como objetivo compreender as din\u00e2micas territoriais em diferentes escalas geogr\u00e1ficas e propor projetos interdisciplinares inovadores que transformem o territ\u00f3rio. O curso visa articular saberes e inst\u00e2ncias de poderes pol\u00edticos para promo\u00e7\u00e3o econ\u00f4mica e social, buscando a garantia da sustentabilidade socioambiental para a produ\u00e7\u00e3o e reprodu\u00e7\u00e3o do territ\u00f3rio, tanto no munic\u00edpio de Teres\u00f3polis quanto no estado do Rio de Janeiro.<\/p>\n\n\n\n<p><strong>P\u00fablico-alvo<\/strong><\/p>\n\n\n\n<p>O&nbsp;Curso de Especializa\u00e7\u00e3o em Desenvolvimento Territorial destina-se a portadores de diploma de curso de gradua\u00e7\u00e3o em qualquer \u00e1rea ou de curso superior de forma\u00e7\u00e3o espec\u00edfica emitido por&nbsp; Institui\u00e7\u00e3o de Ensino Superior (IES) oficial ou reconhecida pelo Conselho Nacional de Educa\u00e7\u00e3o&nbsp; (CNE).<\/p>\n\n\n\n<p><strong>Conv\u00eanio<\/strong><\/p>\n\n\n\n<p>A Prefeitura de Teres\u00f3polis, por meio da Secretaria Municipal de Ci\u00eancia e Tecnologia, possui Conv\u00eanio de M\u00fatua Coopera\u00e7\u00e3o com a Universidade do Estado do Rio de Janeiro (UERJ) para potencializar o Ensino Superior e Pesquisa em Teres\u00f3polis.<\/p>\n","protected":false},"excerpt":{"rendered":"<p>Ser\u00e3o oferecidas 30 vagas, 21 de ampla concorr\u00eancia e 9 para sistema de cotas Teres\u00f3polis,<\/p>\n","protected":false},"author":2,"featured_media":97074,"comment_status":"open","ping_status":"open","sticky":false,"template":"","format":"standard","meta":{"footnotes":""},"categories":[17],"tags":[],"class_list":["post-97073","post","type-post","status-publish","format-standard","has-post-thumbnail","hentry","category-outras-noticias"],"_links":{"self":[{"href":"https:\/\/tvc16.com\/portal\/wp-json\/wp\/v2\/posts\/97073","targetHints":{"allow":["GET"]}}],"collection":[{"href":"https:\/\/tvc16.com\/portal\/wp-json\/wp\/v2\/posts"}],"about":[{"href":"https:\/\/tvc16.com\/portal\/wp-json\/wp\/v2\/types\/post"}],"author":[{"embeddable":true,"href":"https:\/\/tvc16.com\/portal\/wp-json\/wp\/v2\/users\/2"}],"replies":[{"embeddable":true,"href":"https:\/\/tvc16.com\/portal\/wp-json\/wp\/v2\/comments?post=97073"}],"version-history":[{"count":1,"href":"https:\/\/tvc16.com\/portal\/wp-json\/wp\/v2\/posts\/97073\/revisions"}],"predecessor-version":[{"id":97075,"href":"https:\/\/tvc16.com\/portal\/wp-json\/wp\/v2\/posts\/97073\/revisions\/97075"}],"wp:featuredmedia":[{"embeddable":true,"href":"https:\/\/tvc16.com\/portal\/wp-json\/wp\/v2\/media\/97074"}],"wp:attachment":[{"href":"https:\/\/tvc16.com\/portal\/wp-json\/wp\/v2\/media?parent=97073"}],"wp:term":[{"taxonomy":"category","embeddable":true,"href":"https:\/\/tvc16.com\/portal\/wp-json\/wp\/v2\/categories?post=97073"},{"taxonomy":"post_tag","embeddable":true,"href":"https:\/\/tvc16.com\/portal\/wp-json\/wp\/v2\/tags?post=97073"}],"curies":[{"name":"wp","href":"https:\/\/api.w.org\/{rel}","templated":true}]}}